{"id":2038,"date":"2024-04-03T10:16:51","date_gmt":"2024-04-03T16:16:51","guid":{"rendered":"https:\/\/pronaturaveracruz.org\/capturacarbono\/?p=2038"},"modified":"2025-02-28T10:52:22","modified_gmt":"2025-02-28T16:52:22","slug":"se-celebro-el-foro-los-cafetales-bajo-sombra-como-agroecosistemas-prioritarios-para-la-mitigacion-y-adaptacion-al-cambio-climatico-en-mexico","status":"publish","type":"post","link":"https:\/\/pronaturaveracruz.org\/capturacarbono\/noticias\/fase-ii\/se-celebro-el-foro-los-cafetales-bajo-sombra-como-agroecosistemas-prioritarios-para-la-mitigacion-y-adaptacion-al-cambio-climatico-en-mexico\/","title":{"rendered":"Se celebr\u00f3 el foro \u201cLos cafetales bajo sombra como agroecosistemas prioritarios para la mitigaci\u00f3n y adaptaci\u00f3n al cambio clim\u00e1tico en M\u00e9xico\u201d"},"content":{"rendered":"\n<p>En un ambiente diverso y participativo, el 29 de febrero se realiz\u00f3 con \u00e9xito el foro <em>\u201cLos cafetales bajo sombra como agroecosistemas prioritarios para la mitigaci\u00f3n y adaptaci\u00f3n al cambio clim\u00e1tico en M\u00e9xico<\/em>\u201d, el cual cont\u00f3 con la presencia de 120 asistentes (46% de los cuales fueron mujeres). El foro logr\u00f3 reunir a los diferentes sectores que forman parte de la cultura del caf\u00e9: productivo, acad\u00e9mico, empresarial y gubernamental, as\u00ed como tambi\u00e9n hubo presencia de ONG.<\/p>\n\n\n\n<p>Se organizaron diversas mesas de discusi\u00f3n y did\u00e1cticas, hubo venta de caf\u00e9 de productores locales y charlas de ponentes de Oaxaca y Puebla con grandes experiencias en el sector cafetalero.<\/p>\n\n\n<style id=\"depicter-119-inline-pre-css\">\n\n.depicter-119:not(.depicter-ready){\n\twidth:1200px;\n\theight:700px;\n}\n\n\/***** Tablet *****\/\n@media screen and (max-width: 1024px){\n\n.depicter-119:not(.depicter-ready){\n\twidth:1024px;\n\theight:700px;\n}\n\n}\n\/***** Mobile *****\/\n@media screen and (max-width: 767px){\n\n.depicter-119:not(.depicter-ready){\n\twidth:360px;\n\theight:740px;\n}\n\n}\n<\/style>\n<div id=\"depicter-119\" class=\"depicter depicter-document depicter-revert depicter-119\">\n\n<div class=\"depicter-loading-container depicter-loading dotFlashing-dark\"><div class=\"depicter-loading-dark depicter-dot-flashing\">\n   <span><\/span>\n   <span><\/span>\n   <span><\/span>\n<\/div>\n<\/div>\n\n<div class=\"depicter-overlay-layers\">\n<div id=\"depicter-119-element-25\" class=\"depicter-element depicter-layer depicter-119-element-25\" data-type=\"bullet\" data-wrap=\"true\" data-name=\"Bullet 2\" data-local-id=\"element-25\" data-offset=\"x:74px;y:253px;origin:ml\" data-width=\"auto,,\" data-height=\"auto,,\" data-responsive-scale=\"true,,\"><\/div>\n<div id=\"depicter-119-element-29\" class=\"depicter-element depicter-layer depicter-119-element-29\" data-type=\"symbol\" data-wrap=\"true\" data-name=\"Symbol 4\" data-local-id=\"element-29\" data-offset=\"x:50px;y:0px;origin:ml\" data-actions=\"[['gotoSection','click',0,{'type':'previous','to':''}]]\" data-width=\"40px,,\" data-height=\"40px,,\" data-responsive-scale=\"true,,\">\n\t<svg width=\"8px\" height=\"14px\" viewBox=\"0 0 15.556 26.871\"><path id=\"arrow_10L\" d=\"M0,13.438H0L13.436,0l2.12,2.12L4.24,13.437,15.557,24.752l-2.121,2.12Z\" transform=\"translate(0 -0.001)\" \/><\/svg>\n<\/div>\n\n<div id=\"depicter-119-element-30\" class=\"depicter-element depicter-layer depicter-119-element-30\" data-type=\"symbol\" data-wrap=\"true\" data-name=\"Symbol 5\" data-local-id=\"element-30\" data-offset=\"x:50px;y:0px;origin:mr\" data-actions=\"[['gotoSection','click',0,{'type':'next','to':''}]]\" data-width=\"40px,,\" data-height=\"40px,,\" data-responsive-scale=\"true,,\">\n\t<svg width=\"8px\" height=\"14px\" viewBox=\"0 0 15.557 26.871\"><path id=\"arrow_10R\" d=\"M0,24.752,11.317,13.437,0,2.121,2.121,0,15.557,13.435h0l0,0L2.122,26.872Z\" transform=\"translate(-0.001 -0.001)\" \/><\/svg>\n<\/div>\n\n<\/div>\n\n<div id=\"depicter-119-section-1\" class=\"depicter-section depicter-119-section-1\" data-name=\"Section 1\" data-type=\"section\" data-local-id=\"section-1\">\n<picture class=\"depicter-bg\">\n<source data-depicter-srcset=\"https:\/\/pronaturaveracruz.org\/capturacarbono\/wp-content\/uploads\/cafetales_bajo_sombra-168-768x432.jpg, https:\/\/pronaturaveracruz.org\/capturacarbono\/wp-content\/uploads\/cafetales_bajo_sombra-168.jpg 2x\" srcset=\"data:image\/gif;base64,R0lGODlhAQABAIAAAAAAAP\/\/\/yH5BAEAAAAALAAAAAABAAEAAAIBRAA7\" media=\"(max-width: 1024px)\" \/>\n\n<source data-depicter-srcset=\"https:\/\/pronaturaveracruz.org\/capturacarbono\/wp-content\/uploads\/cafetales_bajo_sombra-168.jpg, https:\/\/pronaturaveracruz.org\/capturacarbono\/wp-content\/uploads\/cafetales_bajo_sombra-168-1707x960.jpg 2x\" srcset=\"data:image\/gif;base64,R0lGODlhAQABAIAAAAAAAP\/\/\/yH5BAEAAAAALAAAAAABAAEAAAIBRAA7\" media=\"(min-width: 1025px)\" \/>\n<img decoding=\"async\" src=\"data:image\/gif;base64,R0lGODlhAQABAIAAAAAAAP\/\/\/yH5BAEAAAAALAAAAAABAAEAAAIBRAA7\" alt=\"\" data-depicter-src=\"https:\/\/pronaturaveracruz.org\/capturacarbono\/wp-content\/uploads\/cafetales_bajo_sombra-168.jpg\" \/>\n<\/picture>\n\n<\/div>\n\n<div id=\"depicter-119-section-4\" class=\"depicter-section depicter-119-section-4\" data-name=\"Slide 1\" data-type=\"section\" data-local-id=\"section-4\">\n<picture class=\"depicter-bg\">\n<source data-depicter-srcset=\"https:\/\/pronaturaveracruz.org\/capturacarbono\/wp-content\/uploads\/foro_cafetales_bajo_sombra-118-768x512.jpg, https:\/\/pronaturaveracruz.org\/capturacarbono\/wp-content\/uploads\/foro_cafetales_bajo_sombra-118.jpg 2x\" srcset=\"data:image\/gif;base64,R0lGODlhAQABAIAAAAAAAP\/\/\/yH5BAEAAAAALAAAAAABAAEAAAIBRAA7\" media=\"(max-width: 1024px)\" \/>\n\n<source data-depicter-srcset=\"https:\/\/pronaturaveracruz.org\/capturacarbono\/wp-content\/uploads\/foro_cafetales_bajo_sombra-118.jpg, https:\/\/pronaturaveracruz.org\/capturacarbono\/wp-content\/uploads\/foro_cafetales_bajo_sombra-118-1440x960.jpg 2x\" srcset=\"data:image\/gif;base64,R0lGODlhAQABAIAAAAAAAP\/\/\/yH5BAEAAAAALAAAAAABAAEAAAIBRAA7\" media=\"(min-width: 1025px)\" \/>\n<img decoding=\"async\" src=\"data:image\/gif;base64,R0lGODlhAQABAIAAAAAAAP\/\/\/yH5BAEAAAAALAAAAAABAAEAAAIBRAA7\" alt=\"\" data-depicter-src=\"https:\/\/pronaturaveracruz.org\/capturacarbono\/wp-content\/uploads\/foro_cafetales_bajo_sombra-118.jpg\" \/>\n<\/picture>\n\n<\/div>\n\n<div id=\"depicter-119-section-6\" class=\"depicter-section depicter-119-section-6\" data-name=\"Slide 2\" data-type=\"section\" data-local-id=\"section-6\">\n<picture class=\"depicter-bg\">\n<source data-depicter-srcset=\"https:\/\/pronaturaveracruz.org\/capturacarbono\/wp-content\/uploads\/foro_cafetales_bajo_sombra-126-768x512.jpg, https:\/\/pronaturaveracruz.org\/capturacarbono\/wp-content\/uploads\/foro_cafetales_bajo_sombra-126.jpg 2x\" srcset=\"data:image\/gif;base64,R0lGODlhAQABAIAAAAAAAP\/\/\/yH5BAEAAAAALAAAAAABAAEAAAIBRAA7\" media=\"(max-width: 1024px)\" \/>\n\n<source data-depicter-srcset=\"https:\/\/pronaturaveracruz.org\/capturacarbono\/wp-content\/uploads\/foro_cafetales_bajo_sombra-126.jpg, https:\/\/pronaturaveracruz.org\/capturacarbono\/wp-content\/uploads\/foro_cafetales_bajo_sombra-126-1440x960.jpg 2x\" srcset=\"data:image\/gif;base64,R0lGODlhAQABAIAAAAAAAP\/\/\/yH5BAEAAAAALAAAAAABAAEAAAIBRAA7\" media=\"(min-width: 1025px)\" \/>\n<img decoding=\"async\" src=\"data:image\/gif;base64,R0lGODlhAQABAIAAAAAAAP\/\/\/yH5BAEAAAAALAAAAAABAAEAAAIBRAA7\" alt=\"\" data-depicter-src=\"https:\/\/pronaturaveracruz.org\/capturacarbono\/wp-content\/uploads\/foro_cafetales_bajo_sombra-126.jpg\" \/>\n<\/picture>\n\n<\/div>\n\n<div id=\"depicter-119-section-8\" class=\"depicter-section depicter-119-section-8\" data-name=\"Slide 3\" data-type=\"section\" data-local-id=\"section-8\">\n<picture class=\"depicter-bg\">\n<source data-depicter-srcset=\"https:\/\/pronaturaveracruz.org\/capturacarbono\/wp-content\/uploads\/foro_cafetales_bajo_sombra-161-768x512.jpg, https:\/\/pronaturaveracruz.org\/capturacarbono\/wp-content\/uploads\/foro_cafetales_bajo_sombra-161.jpg 2x\" srcset=\"data:image\/gif;base64,R0lGODlhAQABAIAAAAAAAP\/\/\/yH5BAEAAAAALAAAAAABAAEAAAIBRAA7\" media=\"(max-width: 1024px)\" \/>\n\n<source data-depicter-srcset=\"https:\/\/pronaturaveracruz.org\/capturacarbono\/wp-content\/uploads\/foro_cafetales_bajo_sombra-161.jpg, https:\/\/pronaturaveracruz.org\/capturacarbono\/wp-content\/uploads\/foro_cafetales_bajo_sombra-161-1440x960.jpg 2x\" srcset=\"data:image\/gif;base64,R0lGODlhAQABAIAAAAAAAP\/\/\/yH5BAEAAAAALAAAAAABAAEAAAIBRAA7\" media=\"(min-width: 1025px)\" \/>\n<img decoding=\"async\" src=\"data:image\/gif;base64,R0lGODlhAQABAIAAAAAAAP\/\/\/yH5BAEAAAAALAAAAAABAAEAAAIBRAA7\" alt=\"\" data-depicter-src=\"https:\/\/pronaturaveracruz.org\/capturacarbono\/wp-content\/uploads\/foro_cafetales_bajo_sombra-161.jpg\" \/>\n<\/picture>\n\n<\/div>\n\n<div id=\"depicter-119-section-10\" class=\"depicter-section depicter-119-section-10\" data-name=\"Slide 4\" data-type=\"section\" data-local-id=\"section-10\">\n<picture class=\"depicter-bg\">\n<source data-depicter-srcset=\"https:\/\/pronaturaveracruz.org\/capturacarbono\/wp-content\/uploads\/foro_cafetales_bajo_sombra-125-768x512.jpg, https:\/\/pronaturaveracruz.org\/capturacarbono\/wp-content\/uploads\/foro_cafetales_bajo_sombra-125.jpg 2x\" srcset=\"data:image\/gif;base64,R0lGODlhAQABAIAAAAAAAP\/\/\/yH5BAEAAAAALAAAAAABAAEAAAIBRAA7\" media=\"(max-width: 1024px)\" \/>\n\n<source data-depicter-srcset=\"https:\/\/pronaturaveracruz.org\/capturacarbono\/wp-content\/uploads\/foro_cafetales_bajo_sombra-125.jpg, https:\/\/pronaturaveracruz.org\/capturacarbono\/wp-content\/uploads\/foro_cafetales_bajo_sombra-125-1440x960.jpg 2x\" srcset=\"data:image\/gif;base64,R0lGODlhAQABAIAAAAAAAP\/\/\/yH5BAEAAAAALAAAAAABAAEAAAIBRAA7\" media=\"(min-width: 1025px)\" \/>\n<img decoding=\"async\" src=\"data:image\/gif;base64,R0lGODlhAQABAIAAAAAAAP\/\/\/yH5BAEAAAAALAAAAAABAAEAAAIBRAA7\" alt=\"\" data-depicter-src=\"https:\/\/pronaturaveracruz.org\/capturacarbono\/wp-content\/uploads\/foro_cafetales_bajo_sombra-125.jpg\" \/>\n<\/picture>\n\n<\/div>\n\n<div id=\"depicter-119-section-12\" class=\"depicter-section depicter-119-section-12\" data-name=\"Slide 5\" data-type=\"section\" data-local-id=\"section-12\">\n<picture class=\"depicter-bg\">\n<source data-depicter-srcset=\"https:\/\/pronaturaveracruz.org\/capturacarbono\/wp-content\/uploads\/foro_cafetales_bajo_sombra-138-768x512.jpg, https:\/\/pronaturaveracruz.org\/capturacarbono\/wp-content\/uploads\/foro_cafetales_bajo_sombra-138.jpg 2x\" srcset=\"data:image\/gif;base64,R0lGODlhAQABAIAAAAAAAP\/\/\/yH5BAEAAAAALAAAAAABAAEAAAIBRAA7\" media=\"(max-width: 1024px)\" \/>\n\n<source data-depicter-srcset=\"https:\/\/pronaturaveracruz.org\/capturacarbono\/wp-content\/uploads\/foro_cafetales_bajo_sombra-138.jpg, https:\/\/pronaturaveracruz.org\/capturacarbono\/wp-content\/uploads\/foro_cafetales_bajo_sombra-138-1440x960.jpg 2x\" srcset=\"data:image\/gif;base64,R0lGODlhAQABAIAAAAAAAP\/\/\/yH5BAEAAAAALAAAAAABAAEAAAIBRAA7\" media=\"(min-width: 1025px)\" \/>\n<img decoding=\"async\" src=\"data:image\/gif;base64,R0lGODlhAQABAIAAAAAAAP\/\/\/yH5BAEAAAAALAAAAAABAAEAAAIBRAA7\" alt=\"\" data-depicter-src=\"https:\/\/pronaturaveracruz.org\/capturacarbono\/wp-content\/uploads\/foro_cafetales_bajo_sombra-138.jpg\" \/>\n<\/picture>\n\n<\/div>\n\n<div id=\"depicter-119-section-14\" class=\"depicter-section depicter-119-section-14\" data-name=\"Slide 6\" data-type=\"section\" data-local-id=\"section-14\">\n<picture class=\"depicter-bg\">\n<source data-depicter-srcset=\"https:\/\/pronaturaveracruz.org\/capturacarbono\/wp-content\/uploads\/foro_cafetales_bajo_sombra-147-768x512.jpg, https:\/\/pronaturaveracruz.org\/capturacarbono\/wp-content\/uploads\/foro_cafetales_bajo_sombra-147.jpg 2x\" srcset=\"data:image\/gif;base64,R0lGODlhAQABAIAAAAAAAP\/\/\/yH5BAEAAAAALAAAAAABAAEAAAIBRAA7\" media=\"(max-width: 1024px)\" \/>\n\n<source data-depicter-srcset=\"https:\/\/pronaturaveracruz.org\/capturacarbono\/wp-content\/uploads\/foro_cafetales_bajo_sombra-147.jpg, https:\/\/pronaturaveracruz.org\/capturacarbono\/wp-content\/uploads\/foro_cafetales_bajo_sombra-147-1440x960.jpg 2x\" srcset=\"data:image\/gif;base64,R0lGODlhAQABAIAAAAAAAP\/\/\/yH5BAEAAAAALAAAAAABAAEAAAIBRAA7\" media=\"(min-width: 1025px)\" \/>\n<img decoding=\"async\" src=\"data:image\/gif;base64,R0lGODlhAQABAIAAAAAAAP\/\/\/yH5BAEAAAAALAAAAAABAAEAAAIBRAA7\" alt=\"\" data-depicter-src=\"https:\/\/pronaturaveracruz.org\/capturacarbono\/wp-content\/uploads\/foro_cafetales_bajo_sombra-147.jpg\" \/>\n<\/picture>\n\n<\/div>\n\n<div id=\"depicter-119-section-16\" class=\"depicter-section depicter-119-section-16\" data-name=\"Slide 7\" data-type=\"section\" data-local-id=\"section-16\">\n<picture class=\"depicter-bg\">\n<source data-depicter-srcset=\"https:\/\/pronaturaveracruz.org\/capturacarbono\/wp-content\/uploads\/foro_cafetales_bajo_sombra-158-768x512.jpg, https:\/\/pronaturaveracruz.org\/capturacarbono\/wp-content\/uploads\/foro_cafetales_bajo_sombra-158.jpg 2x\" srcset=\"data:image\/gif;base64,R0lGODlhAQABAIAAAAAAAP\/\/\/yH5BAEAAAAALAAAAAABAAEAAAIBRAA7\" media=\"(max-width: 1024px)\" \/>\n\n<source data-depicter-srcset=\"https:\/\/pronaturaveracruz.org\/capturacarbono\/wp-content\/uploads\/foro_cafetales_bajo_sombra-158.jpg, https:\/\/pronaturaveracruz.org\/capturacarbono\/wp-content\/uploads\/foro_cafetales_bajo_sombra-158-1440x960.jpg 2x\" srcset=\"data:image\/gif;base64,R0lGODlhAQABAIAAAAAAAP\/\/\/yH5BAEAAAAALAAAAAABAAEAAAIBRAA7\" media=\"(min-width: 1025px)\" \/>\n<img decoding=\"async\" src=\"data:image\/gif;base64,R0lGODlhAQABAIAAAAAAAP\/\/\/yH5BAEAAAAALAAAAAABAAEAAAIBRAA7\" alt=\"\" data-depicter-src=\"https:\/\/pronaturaveracruz.org\/capturacarbono\/wp-content\/uploads\/foro_cafetales_bajo_sombra-158.jpg\" \/>\n<\/picture>\n\n<\/div>\n\n<div id=\"depicter-119-section-18\" class=\"depicter-section depicter-119-section-18\" data-name=\"Slide 8\" data-type=\"section\" data-local-id=\"section-18\">\n<picture class=\"depicter-bg\">\n<source data-depicter-srcset=\"https:\/\/pronaturaveracruz.org\/capturacarbono\/wp-content\/uploads\/foro_cafetales_bajo_sombra-162-768x512.jpg, https:\/\/pronaturaveracruz.org\/capturacarbono\/wp-content\/uploads\/foro_cafetales_bajo_sombra-162.jpg 2x\" srcset=\"data:image\/gif;base64,R0lGODlhAQABAIAAAAAAAP\/\/\/yH5BAEAAAAALAAAAAABAAEAAAIBRAA7\" media=\"(max-width: 1024px)\" \/>\n\n<source data-depicter-srcset=\"https:\/\/pronaturaveracruz.org\/capturacarbono\/wp-content\/uploads\/foro_cafetales_bajo_sombra-162.jpg, https:\/\/pronaturaveracruz.org\/capturacarbono\/wp-content\/uploads\/foro_cafetales_bajo_sombra-162-1440x960.jpg 2x\" srcset=\"data:image\/gif;base64,R0lGODlhAQABAIAAAAAAAP\/\/\/yH5BAEAAAAALAAAAAABAAEAAAIBRAA7\" media=\"(min-width: 1025px)\" \/>\n<img decoding=\"async\" src=\"data:image\/gif;base64,R0lGODlhAQABAIAAAAAAAP\/\/\/yH5BAEAAAAALAAAAAABAAEAAAIBRAA7\" alt=\"\" data-depicter-src=\"https:\/\/pronaturaveracruz.org\/capturacarbono\/wp-content\/uploads\/foro_cafetales_bajo_sombra-162.jpg\" \/>\n<\/picture>\n\n<\/div>\n\n<div id=\"depicter-119-section-20\" class=\"depicter-section depicter-119-section-20\" data-name=\"Slide 9\" data-type=\"section\" data-local-id=\"section-20\">\n<picture class=\"depicter-bg\">\n<source data-depicter-srcset=\"https:\/\/pronaturaveracruz.org\/capturacarbono\/wp-content\/uploads\/foro_cafetales_bajo_sombra-136-768x512.jpg, https:\/\/pronaturaveracruz.org\/capturacarbono\/wp-content\/uploads\/foro_cafetales_bajo_sombra-136.jpg 2x\" srcset=\"data:image\/gif;base64,R0lGODlhAQABAIAAAAAAAP\/\/\/yH5BAEAAAAALAAAAAABAAEAAAIBRAA7\" media=\"(max-width: 1024px)\" \/>\n\n<source data-depicter-srcset=\"https:\/\/pronaturaveracruz.org\/capturacarbono\/wp-content\/uploads\/foro_cafetales_bajo_sombra-136.jpg, https:\/\/pronaturaveracruz.org\/capturacarbono\/wp-content\/uploads\/foro_cafetales_bajo_sombra-136-1440x960.jpg 2x\" srcset=\"data:image\/gif;base64,R0lGODlhAQABAIAAAAAAAP\/\/\/yH5BAEAAAAALAAAAAABAAEAAAIBRAA7\" media=\"(min-width: 1025px)\" \/>\n<img decoding=\"async\" src=\"data:image\/gif;base64,R0lGODlhAQABAIAAAAAAAP\/\/\/yH5BAEAAAAALAAAAAABAAEAAAIBRAA7\" alt=\"\" data-depicter-src=\"https:\/\/pronaturaveracruz.org\/capturacarbono\/wp-content\/uploads\/foro_cafetales_bajo_sombra-136.jpg\" \/>\n<\/picture>\n\n<\/div>\n\n<div id=\"depicter-119-section-22\" class=\"depicter-section depicter-119-section-22\" data-name=\"Slide 10\" data-type=\"section\" data-local-id=\"section-22\">\n<picture class=\"depicter-bg\">\n<source data-depicter-srcset=\"https:\/\/pronaturaveracruz.org\/capturacarbono\/wp-content\/uploads\/foro_cafetales_bajo_sombra-150-768x512.jpg, https:\/\/pronaturaveracruz.org\/capturacarbono\/wp-content\/uploads\/foro_cafetales_bajo_sombra-150.jpg 2x\" srcset=\"data:image\/gif;base64,R0lGODlhAQABAIAAAAAAAP\/\/\/yH5BAEAAAAALAAAAAABAAEAAAIBRAA7\" media=\"(max-width: 1024px)\" \/>\n\n<source data-depicter-srcset=\"https:\/\/pronaturaveracruz.org\/capturacarbono\/wp-content\/uploads\/foro_cafetales_bajo_sombra-150.jpg, https:\/\/pronaturaveracruz.org\/capturacarbono\/wp-content\/uploads\/foro_cafetales_bajo_sombra-150-1440x960.jpg 2x\" srcset=\"data:image\/gif;base64,R0lGODlhAQABAIAAAAAAAP\/\/\/yH5BAEAAAAALAAAAAABAAEAAAIBRAA7\" media=\"(min-width: 1025px)\" \/>\n<img decoding=\"async\" src=\"data:image\/gif;base64,R0lGODlhAQABAIAAAAAAAP\/\/\/yH5BAEAAAAALAAAAAABAAEAAAIBRAA7\" alt=\"\" data-depicter-src=\"https:\/\/pronaturaveracruz.org\/capturacarbono\/wp-content\/uploads\/foro_cafetales_bajo_sombra-150.jpg\" \/>\n<\/picture>\n\n<\/div>\n<\/div>\n<script>\n(window.depicterSetups = window.depicterSetups || []).push(function(){\n\tDepicter.basePath = 'https:\/\/pronaturaveracruz.org\/capturacarbono\/wp-content\/plugins\/depicter\/resources\/scripts\/player\/';\n\tconst dpPlayer = Depicter.setup('.depicter-119',\n\t\t{\"width\":[\"1200\",\"1024\",\"360\"],\"height\":[\"700\",\"700\",\"740\"],\"view\":\"basic\",\"keepAspectRatio\":true,\"preload\":0,\"layout\":\"boxed\",\"rtl\":false,\"initAfterAppear\":false,\"ajaxApiUrl\":\"https:\\\/\\\/pronaturaveracruz.org\\\/capturacarbono\\\/wp-admin\\\/admin-ajax.php\",\"viewOptions\":{\"loop\":true},\"slideshow\":{\"autostart\":true},\"mouseSwipe\":true,\"touchSwipe\":true,\"mouseWheel\":true,\"keyboard\":true,\"useWatermark\":false}\n\t);\n});\n<\/script>\n\n\n<p><\/p>\n\n\n\n<p class=\"has-text-align-center\">Las ponencias est\u00e1n disponibles en el siguiente link <a href=\"https:\/\/drive.google.com\/drive\/folders\/1h_iTYrXPuogyLLQVp2vJ21ooQOaUIA_L?usp=sharing\"><mark style=\"background-color:rgba(0, 0, 0, 0)\" class=\"has-inline-color has-custom-color-2-color\">https:\/\/drive.google.com\/drive\/folders\/1h_iTYrXPuogyLLQVp2vJ21ooQOaUIA_L?usp=sharing<\/mark><\/a><\/p>\n","protected":false},"excerpt":{"rendered":"<p>En un ambiente diverso y participativo, el&#8230;<\/p>\n","protected":false},"author":2,"featured_media":2039,"comment_status":"open","ping_status":"closed","sticky":false,"template":"","format":"standard","meta":{"inline_featured_image":false,"footnotes":""},"categories":[15],"tags":[20,18,17,19],"class_list":["post-2038","post","type-post","status-publish","format-standard","has-post-thumbnail","hentry","category-fase-ii","tag-adaptacion-al-cambio-climatico","tag-agrosistemas","tag-cafetales-bajo-sombra","tag-foro"],"yoast_head":"<!-- This site is optimized with the Yoast SEO plugin v27.5 - https:\/\/yoast.com\/product\/yoast-seo-wordpress\/ -->\n<title>Captura de Carbono en Cafetales Bajo Sombra | Se celebr\u00f3 el foro \u201cLos cafetales bajo sombra como agroecosistemas prioritarios para la mitigaci\u00f3n y adaptaci\u00f3n al cambio clim\u00e1tico en M\u00e9xico\u201d<\/title>\n<meta name=\"robots\" content=\"index, follow, max-snippet:-1, max-image-preview:large, max-video-preview:-1\" \/>\n<link rel=\"canonical\" href=\"https:\/\/pronaturaveracruz.org\/capturacarbono\/noticias\/fase-ii\/se-celebro-el-foro-los-cafetales-bajo-sombra-como-agroecosistemas-prioritarios-para-la-mitigacion-y-adaptacion-al-cambio-climatico-en-mexico\/\" \/>\n<meta property=\"og:locale\" content=\"es_MX\" \/>\n<meta property=\"og:type\" content=\"article\" \/>\n<meta property=\"og:title\" content=\"Captura de Carbono en Cafetales Bajo Sombra | Se celebr\u00f3 el foro \u201cLos cafetales bajo sombra como agroecosistemas prioritarios para la mitigaci\u00f3n y adaptaci\u00f3n al cambio clim\u00e1tico en M\u00e9xico\u201d\" \/>\n<meta property=\"og:description\" content=\"En un ambiente diverso y participativo, el...\" \/>\n<meta property=\"og:url\" content=\"https:\/\/pronaturaveracruz.org\/capturacarbono\/noticias\/fase-ii\/se-celebro-el-foro-los-cafetales-bajo-sombra-como-agroecosistemas-prioritarios-para-la-mitigacion-y-adaptacion-al-cambio-climatico-en-mexico\/\" \/>\n<meta property=\"og:site_name\" content=\"Captura de Carbono en Cafetales Bajo Sombra\" \/>\n<meta property=\"article:publisher\" content=\"https:\/\/www.facebook.com\/PronaturaVeracruz\/\" \/>\n<meta property=\"article:published_time\" content=\"2024-04-03T16:16:51+00:00\" \/>\n<meta property=\"article:modified_time\" content=\"2025-02-28T16:52:22+00:00\" \/>\n<meta property=\"og:image\" content=\"https:\/\/pronaturaveracruz.org\/capturacarbono\/wp-content\/uploads\/cafetales_bajo_sombra-168.jpg\" \/>\n\t<meta property=\"og:image:width\" content=\"1707\" \/>\n\t<meta property=\"og:image:height\" content=\"960\" \/>\n\t<meta property=\"og:image:type\" content=\"image\/jpeg\" \/>\n<meta name=\"author\" content=\"DEV-pronatura\" \/>\n<meta name=\"twitter:card\" content=\"summary_large_image\" \/>\n<meta name=\"twitter:creator\" content=\"@Pronatura_Ver\" \/>\n<meta name=\"twitter:site\" content=\"@Pronatura_Ver\" \/>\n<meta name=\"twitter:label1\" content=\"Escrito por\" \/>\n\t<meta name=\"twitter:data1\" content=\"DEV-pronatura\" \/>\n\t<meta name=\"twitter:label2\" content=\"Tiempo de lectura\" \/>\n\t<meta name=\"twitter:data2\" content=\"1 minuto\" \/>\n<script type=\"application\/ld+json\" class=\"yoast-schema-graph\">{\"@context\":\"https:\\\/\\\/schema.org\",\"@graph\":[{\"@type\":\"Article\",\"@id\":\"https:\\\/\\\/pronaturaveracruz.org\\\/capturacarbono\\\/noticias\\\/fase-ii\\\/se-celebro-el-foro-los-cafetales-bajo-sombra-como-agroecosistemas-prioritarios-para-la-mitigacion-y-adaptacion-al-cambio-climatico-en-mexico\\\/#article\",\"isPartOf\":{\"@id\":\"https:\\\/\\\/pronaturaveracruz.org\\\/capturacarbono\\\/noticias\\\/fase-ii\\\/se-celebro-el-foro-los-cafetales-bajo-sombra-como-agroecosistemas-prioritarios-para-la-mitigacion-y-adaptacion-al-cambio-climatico-en-mexico\\\/\"},\"author\":{\"name\":\"DEV-pronatura\",\"@id\":\"https:\\\/\\\/pronaturaveracruz.org\\\/capturacarbono\\\/#\\\/schema\\\/person\\\/1d0a2861dbf8b4362daf59f565d93539\"},\"headline\":\"Se celebr\u00f3 el foro \u201cLos cafetales bajo sombra como agroecosistemas prioritarios para la mitigaci\u00f3n y adaptaci\u00f3n al cambio clim\u00e1tico en M\u00e9xico\u201d\",\"datePublished\":\"2024-04-03T16:16:51+00:00\",\"dateModified\":\"2025-02-28T16:52:22+00:00\",\"mainEntityOfPage\":{\"@id\":\"https:\\\/\\\/pronaturaveracruz.org\\\/capturacarbono\\\/noticias\\\/fase-ii\\\/se-celebro-el-foro-los-cafetales-bajo-sombra-como-agroecosistemas-prioritarios-para-la-mitigacion-y-adaptacion-al-cambio-climatico-en-mexico\\\/\"},\"wordCount\":158,\"commentCount\":0,\"publisher\":{\"@id\":\"https:\\\/\\\/pronaturaveracruz.org\\\/capturacarbono\\\/#organization\"},\"image\":{\"@id\":\"https:\\\/\\\/pronaturaveracruz.org\\\/capturacarbono\\\/noticias\\\/fase-ii\\\/se-celebro-el-foro-los-cafetales-bajo-sombra-como-agroecosistemas-prioritarios-para-la-mitigacion-y-adaptacion-al-cambio-climatico-en-mexico\\\/#primaryimage\"},\"thumbnailUrl\":\"https:\\\/\\\/pronaturaveracruz.org\\\/capturacarbono\\\/wp-content\\\/uploads\\\/cafetales_bajo_sombra-168.jpg\",\"keywords\":[\"adaptaci\u00f3n al cambio clim\u00e1tico\",\"agrosistemas\",\"cafetales bajo sombra\",\"foro\"],\"articleSection\":[\"Fase II\"],\"inLanguage\":\"es\",\"potentialAction\":[{\"@type\":\"CommentAction\",\"name\":\"Comment\",\"target\":[\"https:\\\/\\\/pronaturaveracruz.org\\\/capturacarbono\\\/noticias\\\/fase-ii\\\/se-celebro-el-foro-los-cafetales-bajo-sombra-como-agroecosistemas-prioritarios-para-la-mitigacion-y-adaptacion-al-cambio-climatico-en-mexico\\\/#respond\"]}]},{\"@type\":\"WebPage\",\"@id\":\"https:\\\/\\\/pronaturaveracruz.org\\\/capturacarbono\\\/noticias\\\/fase-ii\\\/se-celebro-el-foro-los-cafetales-bajo-sombra-como-agroecosistemas-prioritarios-para-la-mitigacion-y-adaptacion-al-cambio-climatico-en-mexico\\\/\",\"url\":\"https:\\\/\\\/pronaturaveracruz.org\\\/capturacarbono\\\/noticias\\\/fase-ii\\\/se-celebro-el-foro-los-cafetales-bajo-sombra-como-agroecosistemas-prioritarios-para-la-mitigacion-y-adaptacion-al-cambio-climatico-en-mexico\\\/\",\"name\":\"Captura de Carbono en Cafetales Bajo Sombra | Se celebr\u00f3 el foro \u201cLos cafetales bajo sombra como agroecosistemas prioritarios para la mitigaci\u00f3n y adaptaci\u00f3n al cambio clim\u00e1tico en M\u00e9xico\u201d\",\"isPartOf\":{\"@id\":\"https:\\\/\\\/pronaturaveracruz.org\\\/capturacarbono\\\/#website\"},\"primaryImageOfPage\":{\"@id\":\"https:\\\/\\\/pronaturaveracruz.org\\\/capturacarbono\\\/noticias\\\/fase-ii\\\/se-celebro-el-foro-los-cafetales-bajo-sombra-como-agroecosistemas-prioritarios-para-la-mitigacion-y-adaptacion-al-cambio-climatico-en-mexico\\\/#primaryimage\"},\"image\":{\"@id\":\"https:\\\/\\\/pronaturaveracruz.org\\\/capturacarbono\\\/noticias\\\/fase-ii\\\/se-celebro-el-foro-los-cafetales-bajo-sombra-como-agroecosistemas-prioritarios-para-la-mitigacion-y-adaptacion-al-cambio-climatico-en-mexico\\\/#primaryimage\"},\"thumbnailUrl\":\"https:\\\/\\\/pronaturaveracruz.org\\\/capturacarbono\\\/wp-content\\\/uploads\\\/cafetales_bajo_sombra-168.jpg\",\"datePublished\":\"2024-04-03T16:16:51+00:00\",\"dateModified\":\"2025-02-28T16:52:22+00:00\",\"breadcrumb\":{\"@id\":\"https:\\\/\\\/pronaturaveracruz.org\\\/capturacarbono\\\/noticias\\\/fase-ii\\\/se-celebro-el-foro-los-cafetales-bajo-sombra-como-agroecosistemas-prioritarios-para-la-mitigacion-y-adaptacion-al-cambio-climatico-en-mexico\\\/#breadcrumb\"},\"inLanguage\":\"es\",\"potentialAction\":[{\"@type\":\"ReadAction\",\"target\":[\"https:\\\/\\\/pronaturaveracruz.org\\\/capturacarbono\\\/noticias\\\/fase-ii\\\/se-celebro-el-foro-los-cafetales-bajo-sombra-como-agroecosistemas-prioritarios-para-la-mitigacion-y-adaptacion-al-cambio-climatico-en-mexico\\\/\"]}]},{\"@type\":\"ImageObject\",\"inLanguage\":\"es\",\"@id\":\"https:\\\/\\\/pronaturaveracruz.org\\\/capturacarbono\\\/noticias\\\/fase-ii\\\/se-celebro-el-foro-los-cafetales-bajo-sombra-como-agroecosistemas-prioritarios-para-la-mitigacion-y-adaptacion-al-cambio-climatico-en-mexico\\\/#primaryimage\",\"url\":\"https:\\\/\\\/pronaturaveracruz.org\\\/capturacarbono\\\/wp-content\\\/uploads\\\/cafetales_bajo_sombra-168.jpg\",\"contentUrl\":\"https:\\\/\\\/pronaturaveracruz.org\\\/capturacarbono\\\/wp-content\\\/uploads\\\/cafetales_bajo_sombra-168.jpg\",\"width\":1707,\"height\":960},{\"@type\":\"BreadcrumbList\",\"@id\":\"https:\\\/\\\/pronaturaveracruz.org\\\/capturacarbono\\\/noticias\\\/fase-ii\\\/se-celebro-el-foro-los-cafetales-bajo-sombra-como-agroecosistemas-prioritarios-para-la-mitigacion-y-adaptacion-al-cambio-climatico-en-mexico\\\/#breadcrumb\",\"itemListElement\":[{\"@type\":\"ListItem\",\"position\":1,\"name\":\"Inicio\",\"item\":\"https:\\\/\\\/pronaturaveracruz.org\\\/capturacarbono\\\/\"},{\"@type\":\"ListItem\",\"position\":2,\"name\":\"Se celebr\u00f3 el foro \u201cLos cafetales bajo sombra como agroecosistemas prioritarios para la mitigaci\u00f3n y adaptaci\u00f3n al cambio clim\u00e1tico en M\u00e9xico\u201d\"}]},{\"@type\":\"WebSite\",\"@id\":\"https:\\\/\\\/pronaturaveracruz.org\\\/capturacarbono\\\/#website\",\"url\":\"https:\\\/\\\/pronaturaveracruz.org\\\/capturacarbono\\\/\",\"name\":\"Captura de Carbono en Cafetales Bajo Sombra\",\"description\":\"Buscamos aumentar y fortalecer la capacidad de las y los peque\u00f1os productores para mitigar el Cambio Clim\u00e1tico mediante el desarrollo de una metodolog\u00eda que emplee especies de \u00e1rboles nativos que mejoren el almacenamiento de carbono a largo plazo en plantaciones y ofrezcan servicios ecosist\u00e9micos que puedan apoyar a las comunidades locales.\",\"publisher\":{\"@id\":\"https:\\\/\\\/pronaturaveracruz.org\\\/capturacarbono\\\/#organization\"},\"potentialAction\":[{\"@type\":\"SearchAction\",\"target\":{\"@type\":\"EntryPoint\",\"urlTemplate\":\"https:\\\/\\\/pronaturaveracruz.org\\\/capturacarbono\\\/?s={search_term_string}\"},\"query-input\":{\"@type\":\"PropertyValueSpecification\",\"valueRequired\":true,\"valueName\":\"search_term_string\"}}],\"inLanguage\":\"es\"},{\"@type\":\"Organization\",\"@id\":\"https:\\\/\\\/pronaturaveracruz.org\\\/capturacarbono\\\/#organization\",\"name\":\"Pronatura Veracruz A.C.\",\"alternateName\":\"Pronatura\",\"url\":\"https:\\\/\\\/pronaturaveracruz.org\\\/capturacarbono\\\/\",\"logo\":{\"@type\":\"ImageObject\",\"inLanguage\":\"es\",\"@id\":\"https:\\\/\\\/pronaturaveracruz.org\\\/capturacarbono\\\/#\\\/schema\\\/logo\\\/image\\\/\",\"url\":\"https:\\\/\\\/pronaturaveracruz.org\\\/capturacarbono\\\/wp-content\\\/uploads\\\/2022\\\/11\\\/logo-prontura.svg\",\"contentUrl\":\"https:\\\/\\\/pronaturaveracruz.org\\\/capturacarbono\\\/wp-content\\\/uploads\\\/2022\\\/11\\\/logo-prontura.svg\",\"width\":82,\"height\":67,\"caption\":\"Pronatura Veracruz A.C.\"},\"image\":{\"@id\":\"https:\\\/\\\/pronaturaveracruz.org\\\/capturacarbono\\\/#\\\/schema\\\/logo\\\/image\\\/\"},\"sameAs\":[\"https:\\\/\\\/www.facebook.com\\\/PronaturaVeracruz\\\/\",\"https:\\\/\\\/x.com\\\/Pronatura_Ver\",\"https:\\\/\\\/www.instagram.com\\\/pronatura_veracruz\\\/\",\"https:\\\/\\\/www.youtube.com\\\/channel\\\/UCBK7UCNY2AECjqaglAPYDIA\"]},{\"@type\":\"Person\",\"@id\":\"https:\\\/\\\/pronaturaveracruz.org\\\/capturacarbono\\\/#\\\/schema\\\/person\\\/1d0a2861dbf8b4362daf59f565d93539\",\"name\":\"DEV-pronatura\",\"sameAs\":[\"https:\\\/\\\/pronaturaveracruz.org\\\/capturacarbono\"]}]}<\/script>\n<!-- \/ Yoast SEO plugin. -->","yoast_head_json":{"title":"Captura de Carbono en Cafetales Bajo Sombra | Se celebr\u00f3 el foro \u201cLos cafetales bajo sombra como agroecosistemas prioritarios para la mitigaci\u00f3n y adaptaci\u00f3n al cambio clim\u00e1tico en M\u00e9xico\u201d","robots":{"index":"index","follow":"follow","max-snippet":"max-snippet:-1","max-image-preview":"max-image-preview:large","max-video-preview":"max-video-preview:-1"},"canonical":"https:\/\/pronaturaveracruz.org\/capturacarbono\/noticias\/fase-ii\/se-celebro-el-foro-los-cafetales-bajo-sombra-como-agroecosistemas-prioritarios-para-la-mitigacion-y-adaptacion-al-cambio-climatico-en-mexico\/","og_locale":"es_MX","og_type":"article","og_title":"Captura de Carbono en Cafetales Bajo Sombra | Se celebr\u00f3 el foro \u201cLos cafetales bajo sombra como agroecosistemas prioritarios para la mitigaci\u00f3n y adaptaci\u00f3n al cambio clim\u00e1tico en M\u00e9xico\u201d","og_description":"En un ambiente diverso y participativo, el...","og_url":"https:\/\/pronaturaveracruz.org\/capturacarbono\/noticias\/fase-ii\/se-celebro-el-foro-los-cafetales-bajo-sombra-como-agroecosistemas-prioritarios-para-la-mitigacion-y-adaptacion-al-cambio-climatico-en-mexico\/","og_site_name":"Captura de Carbono en Cafetales Bajo Sombra","article_publisher":"https:\/\/www.facebook.com\/PronaturaVeracruz\/","article_published_time":"2024-04-03T16:16:51+00:00","article_modified_time":"2025-02-28T16:52:22+00:00","og_image":[{"width":1707,"height":960,"url":"https:\/\/pronaturaveracruz.org\/capturacarbono\/wp-content\/uploads\/cafetales_bajo_sombra-168.jpg","type":"image\/jpeg"}],"author":"DEV-pronatura","twitter_card":"summary_large_image","twitter_creator":"@Pronatura_Ver","twitter_site":"@Pronatura_Ver","twitter_misc":{"Escrito por":"DEV-pronatura","Tiempo de lectura":"1 minuto"},"schema":{"@context":"https:\/\/schema.org","@graph":[{"@type":"Article","@id":"https:\/\/pronaturaveracruz.org\/capturacarbono\/noticias\/fase-ii\/se-celebro-el-foro-los-cafetales-bajo-sombra-como-agroecosistemas-prioritarios-para-la-mitigacion-y-adaptacion-al-cambio-climatico-en-mexico\/#article","isPartOf":{"@id":"https:\/\/pronaturaveracruz.org\/capturacarbono\/noticias\/fase-ii\/se-celebro-el-foro-los-cafetales-bajo-sombra-como-agroecosistemas-prioritarios-para-la-mitigacion-y-adaptacion-al-cambio-climatico-en-mexico\/"},"author":{"name":"DEV-pronatura","@id":"https:\/\/pronaturaveracruz.org\/capturacarbono\/#\/schema\/person\/1d0a2861dbf8b4362daf59f565d93539"},"headline":"Se celebr\u00f3 el foro \u201cLos cafetales bajo sombra como agroecosistemas prioritarios para la mitigaci\u00f3n y adaptaci\u00f3n al cambio clim\u00e1tico en M\u00e9xico\u201d","datePublished":"2024-04-03T16:16:51+00:00","dateModified":"2025-02-28T16:52:22+00:00","mainEntityOfPage":{"@id":"https:\/\/pronaturaveracruz.org\/capturacarbono\/noticias\/fase-ii\/se-celebro-el-foro-los-cafetales-bajo-sombra-como-agroecosistemas-prioritarios-para-la-mitigacion-y-adaptacion-al-cambio-climatico-en-mexico\/"},"wordCount":158,"commentCount":0,"publisher":{"@id":"https:\/\/pronaturaveracruz.org\/capturacarbono\/#organization"},"image":{"@id":"https:\/\/pronaturaveracruz.org\/capturacarbono\/noticias\/fase-ii\/se-celebro-el-foro-los-cafetales-bajo-sombra-como-agroecosistemas-prioritarios-para-la-mitigacion-y-adaptacion-al-cambio-climatico-en-mexico\/#primaryimage"},"thumbnailUrl":"https:\/\/pronaturaveracruz.org\/capturacarbono\/wp-content\/uploads\/cafetales_bajo_sombra-168.jpg","keywords":["adaptaci\u00f3n al cambio clim\u00e1tico","agrosistemas","cafetales bajo sombra","foro"],"articleSection":["Fase II"],"inLanguage":"es","potentialAction":[{"@type":"CommentAction","name":"Comment","target":["https:\/\/pronaturaveracruz.org\/capturacarbono\/noticias\/fase-ii\/se-celebro-el-foro-los-cafetales-bajo-sombra-como-agroecosistemas-prioritarios-para-la-mitigacion-y-adaptacion-al-cambio-climatico-en-mexico\/#respond"]}]},{"@type":"WebPage","@id":"https:\/\/pronaturaveracruz.org\/capturacarbono\/noticias\/fase-ii\/se-celebro-el-foro-los-cafetales-bajo-sombra-como-agroecosistemas-prioritarios-para-la-mitigacion-y-adaptacion-al-cambio-climatico-en-mexico\/","url":"https:\/\/pronaturaveracruz.org\/capturacarbono\/noticias\/fase-ii\/se-celebro-el-foro-los-cafetales-bajo-sombra-como-agroecosistemas-prioritarios-para-la-mitigacion-y-adaptacion-al-cambio-climatico-en-mexico\/","name":"Captura de Carbono en Cafetales Bajo Sombra | Se celebr\u00f3 el foro \u201cLos cafetales bajo sombra como agroecosistemas prioritarios para la mitigaci\u00f3n y adaptaci\u00f3n al cambio clim\u00e1tico en M\u00e9xico\u201d","isPartOf":{"@id":"https:\/\/pronaturaveracruz.org\/capturacarbono\/#website"},"primaryImageOfPage":{"@id":"https:\/\/pronaturaveracruz.org\/capturacarbono\/noticias\/fase-ii\/se-celebro-el-foro-los-cafetales-bajo-sombra-como-agroecosistemas-prioritarios-para-la-mitigacion-y-adaptacion-al-cambio-climatico-en-mexico\/#primaryimage"},"image":{"@id":"https:\/\/pronaturaveracruz.org\/capturacarbono\/noticias\/fase-ii\/se-celebro-el-foro-los-cafetales-bajo-sombra-como-agroecosistemas-prioritarios-para-la-mitigacion-y-adaptacion-al-cambio-climatico-en-mexico\/#primaryimage"},"thumbnailUrl":"https:\/\/pronaturaveracruz.org\/capturacarbono\/wp-content\/uploads\/cafetales_bajo_sombra-168.jpg","datePublished":"2024-04-03T16:16:51+00:00","dateModified":"2025-02-28T16:52:22+00:00","breadcrumb":{"@id":"https:\/\/pronaturaveracruz.org\/capturacarbono\/noticias\/fase-ii\/se-celebro-el-foro-los-cafetales-bajo-sombra-como-agroecosistemas-prioritarios-para-la-mitigacion-y-adaptacion-al-cambio-climatico-en-mexico\/#breadcrumb"},"inLanguage":"es","potentialAction":[{"@type":"ReadAction","target":["https:\/\/pronaturaveracruz.org\/capturacarbono\/noticias\/fase-ii\/se-celebro-el-foro-los-cafetales-bajo-sombra-como-agroecosistemas-prioritarios-para-la-mitigacion-y-adaptacion-al-cambio-climatico-en-mexico\/"]}]},{"@type":"ImageObject","inLanguage":"es","@id":"https:\/\/pronaturaveracruz.org\/capturacarbono\/noticias\/fase-ii\/se-celebro-el-foro-los-cafetales-bajo-sombra-como-agroecosistemas-prioritarios-para-la-mitigacion-y-adaptacion-al-cambio-climatico-en-mexico\/#primaryimage","url":"https:\/\/pronaturaveracruz.org\/capturacarbono\/wp-content\/uploads\/cafetales_bajo_sombra-168.jpg","contentUrl":"https:\/\/pronaturaveracruz.org\/capturacarbono\/wp-content\/uploads\/cafetales_bajo_sombra-168.jpg","width":1707,"height":960},{"@type":"BreadcrumbList","@id":"https:\/\/pronaturaveracruz.org\/capturacarbono\/noticias\/fase-ii\/se-celebro-el-foro-los-cafetales-bajo-sombra-como-agroecosistemas-prioritarios-para-la-mitigacion-y-adaptacion-al-cambio-climatico-en-mexico\/#breadcrumb","itemListElement":[{"@type":"ListItem","position":1,"name":"Inicio","item":"https:\/\/pronaturaveracruz.org\/capturacarbono\/"},{"@type":"ListItem","position":2,"name":"Se celebr\u00f3 el foro \u201cLos cafetales bajo sombra como agroecosistemas prioritarios para la mitigaci\u00f3n y adaptaci\u00f3n al cambio clim\u00e1tico en M\u00e9xico\u201d"}]},{"@type":"WebSite","@id":"https:\/\/pronaturaveracruz.org\/capturacarbono\/#website","url":"https:\/\/pronaturaveracruz.org\/capturacarbono\/","name":"Captura de Carbono en Cafetales Bajo Sombra","description":"Buscamos aumentar y fortalecer la capacidad de las y los peque\u00f1os productores para mitigar el Cambio Clim\u00e1tico mediante el desarrollo de una metodolog\u00eda que emplee especies de \u00e1rboles nativos que mejoren el almacenamiento de carbono a largo plazo en plantaciones y ofrezcan servicios ecosist\u00e9micos que puedan apoyar a las comunidades locales.","publisher":{"@id":"https:\/\/pronaturaveracruz.org\/capturacarbono\/#organization"},"potentialAction":[{"@type":"SearchAction","target":{"@type":"EntryPoint","urlTemplate":"https:\/\/pronaturaveracruz.org\/capturacarbono\/?s={search_term_string}"},"query-input":{"@type":"PropertyValueSpecification","valueRequired":true,"valueName":"search_term_string"}}],"inLanguage":"es"},{"@type":"Organization","@id":"https:\/\/pronaturaveracruz.org\/capturacarbono\/#organization","name":"Pronatura Veracruz A.C.","alternateName":"Pronatura","url":"https:\/\/pronaturaveracruz.org\/capturacarbono\/","logo":{"@type":"ImageObject","inLanguage":"es","@id":"https:\/\/pronaturaveracruz.org\/capturacarbono\/#\/schema\/logo\/image\/","url":"https:\/\/pronaturaveracruz.org\/capturacarbono\/wp-content\/uploads\/2022\/11\/logo-prontura.svg","contentUrl":"https:\/\/pronaturaveracruz.org\/capturacarbono\/wp-content\/uploads\/2022\/11\/logo-prontura.svg","width":82,"height":67,"caption":"Pronatura Veracruz A.C."},"image":{"@id":"https:\/\/pronaturaveracruz.org\/capturacarbono\/#\/schema\/logo\/image\/"},"sameAs":["https:\/\/www.facebook.com\/PronaturaVeracruz\/","https:\/\/x.com\/Pronatura_Ver","https:\/\/www.instagram.com\/pronatura_veracruz\/","https:\/\/www.youtube.com\/channel\/UCBK7UCNY2AECjqaglAPYDIA"]},{"@type":"Person","@id":"https:\/\/pronaturaveracruz.org\/capturacarbono\/#\/schema\/person\/1d0a2861dbf8b4362daf59f565d93539","name":"DEV-pronatura","sameAs":["https:\/\/pronaturaveracruz.org\/capturacarbono"]}]}},"_links":{"self":[{"href":"https:\/\/pronaturaveracruz.org\/capturacarbono\/wp-json\/wp\/v2\/posts\/2038","targetHints":{"allow":["GET"]}}],"collection":[{"href":"https:\/\/pronaturaveracruz.org\/capturacarbono\/wp-json\/wp\/v2\/posts"}],"about":[{"href":"https:\/\/pronaturaveracruz.org\/capturacarbono\/wp-json\/wp\/v2\/types\/post"}],"author":[{"embeddable":true,"href":"https:\/\/pronaturaveracruz.org\/capturacarbono\/wp-json\/wp\/v2\/users\/2"}],"replies":[{"embeddable":true,"href":"https:\/\/pronaturaveracruz.org\/capturacarbono\/wp-json\/wp\/v2\/comments?post=2038"}],"version-history":[{"count":6,"href":"https:\/\/pronaturaveracruz.org\/capturacarbono\/wp-json\/wp\/v2\/posts\/2038\/revisions"}],"predecessor-version":[{"id":2186,"href":"https:\/\/pronaturaveracruz.org\/capturacarbono\/wp-json\/wp\/v2\/posts\/2038\/revisions\/2186"}],"wp:featuredmedia":[{"embeddable":true,"href":"https:\/\/pronaturaveracruz.org\/capturacarbono\/wp-json\/wp\/v2\/media\/2039"}],"wp:attachment":[{"href":"https:\/\/pronaturaveracruz.org\/capturacarbono\/wp-json\/wp\/v2\/media?parent=2038"}],"wp:term":[{"taxonomy":"category","embeddable":true,"href":"https:\/\/pronaturaveracruz.org\/capturacarbono\/wp-json\/wp\/v2\/categories?post=2038"},{"taxonomy":"post_tag","embeddable":true,"href":"https:\/\/pronaturaveracruz.org\/capturacarbono\/wp-json\/wp\/v2\/tags?post=2038"}],"curies":[{"name":"wp","href":"https:\/\/api.w.org\/{rel}","templated":true}]}}