{"id":2034,"date":"2024-04-03T09:51:44","date_gmt":"2024-04-03T15:51:44","guid":{"rendered":"https:\/\/pronaturaveracruz.org\/capturacarbono\/?p=2034"},"modified":"2024-04-03T16:35:05","modified_gmt":"2024-04-03T22:35:05","slug":"investigadores-del-jardin-botanico-de-kew-en-pronatura","status":"publish","type":"post","link":"https:\/\/pronaturaveracruz.org\/capturacarbono\/noticias\/fase-ii\/investigadores-del-jardin-botanico-de-kew-en-pronatura\/","title":{"rendered":"Investigadores del Jard\u00edn Bot\u00e1nico de Kew en Pronatura"},"content":{"rendered":"\n<p><\/p>\n\n\n\n<div class=\"wp-block-media-text is-stacked-on-mobile\"><figure class=\"wp-block-media-text__media\"><img loading=\"lazy\" decoding=\"async\" width=\"1600\" height=\"900\" src=\"https:\/\/pronaturaveracruz.org\/capturacarbono\/wp-content\/uploads\/Imagen-de-WhatsApp-2024-04-03-a-las-07.55.44_8ed9823b.jpg\" alt=\"\" class=\"wp-image-2035 size-full\" srcset=\"https:\/\/pronaturaveracruz.org\/capturacarbono\/wp-content\/uploads\/Imagen-de-WhatsApp-2024-04-03-a-las-07.55.44_8ed9823b.jpg 1600w, https:\/\/pronaturaveracruz.org\/capturacarbono\/wp-content\/uploads\/Imagen-de-WhatsApp-2024-04-03-a-las-07.55.44_8ed9823b-960x540.jpg 960w, https:\/\/pronaturaveracruz.org\/capturacarbono\/wp-content\/uploads\/Imagen-de-WhatsApp-2024-04-03-a-las-07.55.44_8ed9823b-768x432.jpg 768w, https:\/\/pronaturaveracruz.org\/capturacarbono\/wp-content\/uploads\/Imagen-de-WhatsApp-2024-04-03-a-las-07.55.44_8ed9823b-1536x864.jpg 1536w, https:\/\/pronaturaveracruz.org\/capturacarbono\/wp-content\/uploads\/Imagen-de-WhatsApp-2024-04-03-a-las-07.55.44_8ed9823b-200x113.jpg 200w\" sizes=\"auto, (max-width: 1600px) 100vw, 1600px\" \/><\/figure><div class=\"wp-block-media-text__content\">\n<p>En Pronatura estamos contentos porque gran parte del equipo que conforma UKPACT se reuni\u00f3 en M\u00e9xico. Tuvimos la visita de investigadores del Jard\u00edn Bot\u00e1nico de Kew y de la UNAM, con quienes recorrimos algunas de las parcelas piloto de campo y tambi\u00e9n fuimos a los laboratorios de Suelos y de Madera del Inecol. \u00a1Nos congratula ser parte de la excelente sinergia en la que estamos trabajando para cumplir con los objetivos del proyecto!<\/p>\n<\/div><\/div>\n","protected":false},"excerpt":{"rendered":"<p>En Pronatura estamos contentos porque gran parte del equipo que conforma UKPACT se reuni\u00f3 en M\u00e9xico. Tuvimos la visita de investigadores del Jard\u00edn Bot\u00e1nico de Kew y de la UNAM, con quienes recorrimos algunas de las parcelas piloto de campo y tambi\u00e9n fuimos a los laboratorios de Suelos y de Madera del Inecol. \u00a1Nos congratula [&hellip;]<\/p>\n","protected":false},"author":2,"featured_media":2036,"comment_status":"open","ping_status":"closed","sticky":false,"template":"","format":"standard","meta":{"inline_featured_image":false,"footnotes":""},"categories":[15],"tags":[],"class_list":["post-2034","post","type-post","status-publish","format-standard","has-post-thumbnail","hentry","category-fase-ii"],"yoast_head":"<!-- This site is optimized with the Yoast SEO plugin v27.5 - https:\/\/yoast.com\/product\/yoast-seo-wordpress\/ -->\n<title>Captura de Carbono en Cafetales Bajo Sombra | Investigadores del Jard\u00edn Bot\u00e1nico de Kew en Pronatura<\/title>\n<meta name=\"robots\" content=\"index, follow, max-snippet:-1, max-image-preview:large, max-video-preview:-1\" \/>\n<link rel=\"canonical\" href=\"https:\/\/pronaturaveracruz.org\/capturacarbono\/noticias\/fase-ii\/investigadores-del-jardin-botanico-de-kew-en-pronatura\/\" \/>\n<meta property=\"og:locale\" content=\"es_MX\" \/>\n<meta property=\"og:type\" content=\"article\" \/>\n<meta property=\"og:title\" content=\"Captura de Carbono en Cafetales Bajo Sombra | Investigadores del Jard\u00edn Bot\u00e1nico de Kew en Pronatura\" \/>\n<meta property=\"og:description\" content=\"En Pronatura estamos contentos porque gran parte del equipo que conforma UKPACT se reuni\u00f3 en M\u00e9xico. Tuvimos la visita de investigadores del Jard\u00edn Bot\u00e1nico de Kew y de la UNAM, con quienes recorrimos algunas de las parcelas piloto de campo y tambi\u00e9n fuimos a los laboratorios de Suelos y de Madera del Inecol. \u00a1Nos congratula [&hellip;]\" \/>\n<meta property=\"og:url\" content=\"https:\/\/pronaturaveracruz.org\/capturacarbono\/noticias\/fase-ii\/investigadores-del-jardin-botanico-de-kew-en-pronatura\/\" \/>\n<meta property=\"og:site_name\" content=\"Captura de Carbono en Cafetales Bajo Sombra\" \/>\n<meta property=\"article:publisher\" content=\"https:\/\/www.facebook.com\/PronaturaVeracruz\/\" \/>\n<meta property=\"article:published_time\" content=\"2024-04-03T15:51:44+00:00\" \/>\n<meta property=\"article:modified_time\" content=\"2024-04-03T22:35:05+00:00\" \/>\n<meta property=\"og:image\" content=\"https:\/\/pronaturaveracruz.org\/capturacarbono\/wp-content\/uploads\/noticia-03Abr2024-destacada.jpg\" \/>\n\t<meta property=\"og:image:width\" content=\"589\" \/>\n\t<meta property=\"og:image:height\" content=\"422\" \/>\n\t<meta property=\"og:image:type\" content=\"image\/jpeg\" \/>\n<meta name=\"author\" content=\"DEV-pronatura\" \/>\n<meta name=\"twitter:card\" content=\"summary_large_image\" \/>\n<meta name=\"twitter:creator\" content=\"@Pronatura_Ver\" \/>\n<meta name=\"twitter:site\" content=\"@Pronatura_Ver\" \/>\n<meta name=\"twitter:label1\" content=\"Escrito por\" \/>\n\t<meta name=\"twitter:data1\" content=\"DEV-pronatura\" \/>\n\t<meta name=\"twitter:label2\" content=\"Tiempo de lectura\" \/>\n\t<meta name=\"twitter:data2\" content=\"1 minuto\" \/>\n<script type=\"application\/ld+json\" class=\"yoast-schema-graph\">{\"@context\":\"https:\\\/\\\/schema.org\",\"@graph\":[{\"@type\":\"Article\",\"@id\":\"https:\\\/\\\/pronaturaveracruz.org\\\/capturacarbono\\\/noticias\\\/fase-ii\\\/investigadores-del-jardin-botanico-de-kew-en-pronatura\\\/#article\",\"isPartOf\":{\"@id\":\"https:\\\/\\\/pronaturaveracruz.org\\\/capturacarbono\\\/noticias\\\/fase-ii\\\/investigadores-del-jardin-botanico-de-kew-en-pronatura\\\/\"},\"author\":{\"name\":\"DEV-pronatura\",\"@id\":\"https:\\\/\\\/pronaturaveracruz.org\\\/capturacarbono\\\/#\\\/schema\\\/person\\\/1d0a2861dbf8b4362daf59f565d93539\"},\"headline\":\"Investigadores del Jard\u00edn Bot\u00e1nico de Kew en Pronatura\",\"datePublished\":\"2024-04-03T15:51:44+00:00\",\"dateModified\":\"2024-04-03T22:35:05+00:00\",\"mainEntityOfPage\":{\"@id\":\"https:\\\/\\\/pronaturaveracruz.org\\\/capturacarbono\\\/noticias\\\/fase-ii\\\/investigadores-del-jardin-botanico-de-kew-en-pronatura\\\/\"},\"wordCount\":87,\"commentCount\":0,\"publisher\":{\"@id\":\"https:\\\/\\\/pronaturaveracruz.org\\\/capturacarbono\\\/#organization\"},\"image\":{\"@id\":\"https:\\\/\\\/pronaturaveracruz.org\\\/capturacarbono\\\/noticias\\\/fase-ii\\\/investigadores-del-jardin-botanico-de-kew-en-pronatura\\\/#primaryimage\"},\"thumbnailUrl\":\"https:\\\/\\\/pronaturaveracruz.org\\\/capturacarbono\\\/wp-content\\\/uploads\\\/noticia-03Abr2024-destacada.jpg\",\"articleSection\":[\"Fase II\"],\"inLanguage\":\"es\",\"potentialAction\":[{\"@type\":\"CommentAction\",\"name\":\"Comment\",\"target\":[\"https:\\\/\\\/pronaturaveracruz.org\\\/capturacarbono\\\/noticias\\\/fase-ii\\\/investigadores-del-jardin-botanico-de-kew-en-pronatura\\\/#respond\"]}]},{\"@type\":\"WebPage\",\"@id\":\"https:\\\/\\\/pronaturaveracruz.org\\\/capturacarbono\\\/noticias\\\/fase-ii\\\/investigadores-del-jardin-botanico-de-kew-en-pronatura\\\/\",\"url\":\"https:\\\/\\\/pronaturaveracruz.org\\\/capturacarbono\\\/noticias\\\/fase-ii\\\/investigadores-del-jardin-botanico-de-kew-en-pronatura\\\/\",\"name\":\"Captura de Carbono en Cafetales Bajo Sombra | Investigadores del Jard\u00edn Bot\u00e1nico de Kew en Pronatura\",\"isPartOf\":{\"@id\":\"https:\\\/\\\/pronaturaveracruz.org\\\/capturacarbono\\\/#website\"},\"primaryImageOfPage\":{\"@id\":\"https:\\\/\\\/pronaturaveracruz.org\\\/capturacarbono\\\/noticias\\\/fase-ii\\\/investigadores-del-jardin-botanico-de-kew-en-pronatura\\\/#primaryimage\"},\"image\":{\"@id\":\"https:\\\/\\\/pronaturaveracruz.org\\\/capturacarbono\\\/noticias\\\/fase-ii\\\/investigadores-del-jardin-botanico-de-kew-en-pronatura\\\/#primaryimage\"},\"thumbnailUrl\":\"https:\\\/\\\/pronaturaveracruz.org\\\/capturacarbono\\\/wp-content\\\/uploads\\\/noticia-03Abr2024-destacada.jpg\",\"datePublished\":\"2024-04-03T15:51:44+00:00\",\"dateModified\":\"2024-04-03T22:35:05+00:00\",\"breadcrumb\":{\"@id\":\"https:\\\/\\\/pronaturaveracruz.org\\\/capturacarbono\\\/noticias\\\/fase-ii\\\/investigadores-del-jardin-botanico-de-kew-en-pronatura\\\/#breadcrumb\"},\"inLanguage\":\"es\",\"potentialAction\":[{\"@type\":\"ReadAction\",\"target\":[\"https:\\\/\\\/pronaturaveracruz.org\\\/capturacarbono\\\/noticias\\\/fase-ii\\\/investigadores-del-jardin-botanico-de-kew-en-pronatura\\\/\"]}]},{\"@type\":\"ImageObject\",\"inLanguage\":\"es\",\"@id\":\"https:\\\/\\\/pronaturaveracruz.org\\\/capturacarbono\\\/noticias\\\/fase-ii\\\/investigadores-del-jardin-botanico-de-kew-en-pronatura\\\/#primaryimage\",\"url\":\"https:\\\/\\\/pronaturaveracruz.org\\\/capturacarbono\\\/wp-content\\\/uploads\\\/noticia-03Abr2024-destacada.jpg\",\"contentUrl\":\"https:\\\/\\\/pronaturaveracruz.org\\\/capturacarbono\\\/wp-content\\\/uploads\\\/noticia-03Abr2024-destacada.jpg\",\"width\":589,\"height\":422},{\"@type\":\"BreadcrumbList\",\"@id\":\"https:\\\/\\\/pronaturaveracruz.org\\\/capturacarbono\\\/noticias\\\/fase-ii\\\/investigadores-del-jardin-botanico-de-kew-en-pronatura\\\/#breadcrumb\",\"itemListElement\":[{\"@type\":\"ListItem\",\"position\":1,\"name\":\"Inicio\",\"item\":\"https:\\\/\\\/pronaturaveracruz.org\\\/capturacarbono\\\/\"},{\"@type\":\"ListItem\",\"position\":2,\"name\":\"Investigadores del Jard\u00edn Bot\u00e1nico de Kew en Pronatura\"}]},{\"@type\":\"WebSite\",\"@id\":\"https:\\\/\\\/pronaturaveracruz.org\\\/capturacarbono\\\/#website\",\"url\":\"https:\\\/\\\/pronaturaveracruz.org\\\/capturacarbono\\\/\",\"name\":\"Captura de Carbono en Cafetales Bajo Sombra\",\"description\":\"Buscamos aumentar y fortalecer la capacidad de las y los peque\u00f1os productores para mitigar el Cambio Clim\u00e1tico mediante el desarrollo de una metodolog\u00eda que emplee especies de \u00e1rboles nativos que mejoren el almacenamiento de carbono a largo plazo en plantaciones y ofrezcan servicios ecosist\u00e9micos que puedan apoyar a las comunidades locales.\",\"publisher\":{\"@id\":\"https:\\\/\\\/pronaturaveracruz.org\\\/capturacarbono\\\/#organization\"},\"potentialAction\":[{\"@type\":\"SearchAction\",\"target\":{\"@type\":\"EntryPoint\",\"urlTemplate\":\"https:\\\/\\\/pronaturaveracruz.org\\\/capturacarbono\\\/?s={search_term_string}\"},\"query-input\":{\"@type\":\"PropertyValueSpecification\",\"valueRequired\":true,\"valueName\":\"search_term_string\"}}],\"inLanguage\":\"es\"},{\"@type\":\"Organization\",\"@id\":\"https:\\\/\\\/pronaturaveracruz.org\\\/capturacarbono\\\/#organization\",\"name\":\"Pronatura Veracruz A.C.\",\"alternateName\":\"Pronatura\",\"url\":\"https:\\\/\\\/pronaturaveracruz.org\\\/capturacarbono\\\/\",\"logo\":{\"@type\":\"ImageObject\",\"inLanguage\":\"es\",\"@id\":\"https:\\\/\\\/pronaturaveracruz.org\\\/capturacarbono\\\/#\\\/schema\\\/logo\\\/image\\\/\",\"url\":\"https:\\\/\\\/pronaturaveracruz.org\\\/capturacarbono\\\/wp-content\\\/uploads\\\/2022\\\/11\\\/logo-prontura.svg\",\"contentUrl\":\"https:\\\/\\\/pronaturaveracruz.org\\\/capturacarbono\\\/wp-content\\\/uploads\\\/2022\\\/11\\\/logo-prontura.svg\",\"width\":82,\"height\":67,\"caption\":\"Pronatura Veracruz A.C.\"},\"image\":{\"@id\":\"https:\\\/\\\/pronaturaveracruz.org\\\/capturacarbono\\\/#\\\/schema\\\/logo\\\/image\\\/\"},\"sameAs\":[\"https:\\\/\\\/www.facebook.com\\\/PronaturaVeracruz\\\/\",\"https:\\\/\\\/x.com\\\/Pronatura_Ver\",\"https:\\\/\\\/www.instagram.com\\\/pronatura_veracruz\\\/\",\"https:\\\/\\\/www.youtube.com\\\/channel\\\/UCBK7UCNY2AECjqaglAPYDIA\"]},{\"@type\":\"Person\",\"@id\":\"https:\\\/\\\/pronaturaveracruz.org\\\/capturacarbono\\\/#\\\/schema\\\/person\\\/1d0a2861dbf8b4362daf59f565d93539\",\"name\":\"DEV-pronatura\",\"sameAs\":[\"https:\\\/\\\/pronaturaveracruz.org\\\/capturacarbono\"]}]}<\/script>\n<!-- \/ Yoast SEO plugin. -->","yoast_head_json":{"title":"Captura de Carbono en Cafetales Bajo Sombra | Investigadores del Jard\u00edn Bot\u00e1nico de Kew en Pronatura","robots":{"index":"index","follow":"follow","max-snippet":"max-snippet:-1","max-image-preview":"max-image-preview:large","max-video-preview":"max-video-preview:-1"},"canonical":"https:\/\/pronaturaveracruz.org\/capturacarbono\/noticias\/fase-ii\/investigadores-del-jardin-botanico-de-kew-en-pronatura\/","og_locale":"es_MX","og_type":"article","og_title":"Captura de Carbono en Cafetales Bajo Sombra | Investigadores del Jard\u00edn Bot\u00e1nico de Kew en Pronatura","og_description":"En Pronatura estamos contentos porque gran parte del equipo que conforma UKPACT se reuni\u00f3 en M\u00e9xico. Tuvimos la visita de investigadores del Jard\u00edn Bot\u00e1nico de Kew y de la UNAM, con quienes recorrimos algunas de las parcelas piloto de campo y tambi\u00e9n fuimos a los laboratorios de Suelos y de Madera del Inecol. \u00a1Nos congratula [&hellip;]","og_url":"https:\/\/pronaturaveracruz.org\/capturacarbono\/noticias\/fase-ii\/investigadores-del-jardin-botanico-de-kew-en-pronatura\/","og_site_name":"Captura de Carbono en Cafetales Bajo Sombra","article_publisher":"https:\/\/www.facebook.com\/PronaturaVeracruz\/","article_published_time":"2024-04-03T15:51:44+00:00","article_modified_time":"2024-04-03T22:35:05+00:00","og_image":[{"width":589,"height":422,"url":"https:\/\/pronaturaveracruz.org\/capturacarbono\/wp-content\/uploads\/noticia-03Abr2024-destacada.jpg","type":"image\/jpeg"}],"author":"DEV-pronatura","twitter_card":"summary_large_image","twitter_creator":"@Pronatura_Ver","twitter_site":"@Pronatura_Ver","twitter_misc":{"Escrito por":"DEV-pronatura","Tiempo de lectura":"1 minuto"},"schema":{"@context":"https:\/\/schema.org","@graph":[{"@type":"Article","@id":"https:\/\/pronaturaveracruz.org\/capturacarbono\/noticias\/fase-ii\/investigadores-del-jardin-botanico-de-kew-en-pronatura\/#article","isPartOf":{"@id":"https:\/\/pronaturaveracruz.org\/capturacarbono\/noticias\/fase-ii\/investigadores-del-jardin-botanico-de-kew-en-pronatura\/"},"author":{"name":"DEV-pronatura","@id":"https:\/\/pronaturaveracruz.org\/capturacarbono\/#\/schema\/person\/1d0a2861dbf8b4362daf59f565d93539"},"headline":"Investigadores del Jard\u00edn Bot\u00e1nico de Kew en Pronatura","datePublished":"2024-04-03T15:51:44+00:00","dateModified":"2024-04-03T22:35:05+00:00","mainEntityOfPage":{"@id":"https:\/\/pronaturaveracruz.org\/capturacarbono\/noticias\/fase-ii\/investigadores-del-jardin-botanico-de-kew-en-pronatura\/"},"wordCount":87,"commentCount":0,"publisher":{"@id":"https:\/\/pronaturaveracruz.org\/capturacarbono\/#organization"},"image":{"@id":"https:\/\/pronaturaveracruz.org\/capturacarbono\/noticias\/fase-ii\/investigadores-del-jardin-botanico-de-kew-en-pronatura\/#primaryimage"},"thumbnailUrl":"https:\/\/pronaturaveracruz.org\/capturacarbono\/wp-content\/uploads\/noticia-03Abr2024-destacada.jpg","articleSection":["Fase II"],"inLanguage":"es","potentialAction":[{"@type":"CommentAction","name":"Comment","target":["https:\/\/pronaturaveracruz.org\/capturacarbono\/noticias\/fase-ii\/investigadores-del-jardin-botanico-de-kew-en-pronatura\/#respond"]}]},{"@type":"WebPage","@id":"https:\/\/pronaturaveracruz.org\/capturacarbono\/noticias\/fase-ii\/investigadores-del-jardin-botanico-de-kew-en-pronatura\/","url":"https:\/\/pronaturaveracruz.org\/capturacarbono\/noticias\/fase-ii\/investigadores-del-jardin-botanico-de-kew-en-pronatura\/","name":"Captura de Carbono en Cafetales Bajo Sombra | Investigadores del Jard\u00edn Bot\u00e1nico de Kew en Pronatura","isPartOf":{"@id":"https:\/\/pronaturaveracruz.org\/capturacarbono\/#website"},"primaryImageOfPage":{"@id":"https:\/\/pronaturaveracruz.org\/capturacarbono\/noticias\/fase-ii\/investigadores-del-jardin-botanico-de-kew-en-pronatura\/#primaryimage"},"image":{"@id":"https:\/\/pronaturaveracruz.org\/capturacarbono\/noticias\/fase-ii\/investigadores-del-jardin-botanico-de-kew-en-pronatura\/#primaryimage"},"thumbnailUrl":"https:\/\/pronaturaveracruz.org\/capturacarbono\/wp-content\/uploads\/noticia-03Abr2024-destacada.jpg","datePublished":"2024-04-03T15:51:44+00:00","dateModified":"2024-04-03T22:35:05+00:00","breadcrumb":{"@id":"https:\/\/pronaturaveracruz.org\/capturacarbono\/noticias\/fase-ii\/investigadores-del-jardin-botanico-de-kew-en-pronatura\/#breadcrumb"},"inLanguage":"es","potentialAction":[{"@type":"ReadAction","target":["https:\/\/pronaturaveracruz.org\/capturacarbono\/noticias\/fase-ii\/investigadores-del-jardin-botanico-de-kew-en-pronatura\/"]}]},{"@type":"ImageObject","inLanguage":"es","@id":"https:\/\/pronaturaveracruz.org\/capturacarbono\/noticias\/fase-ii\/investigadores-del-jardin-botanico-de-kew-en-pronatura\/#primaryimage","url":"https:\/\/pronaturaveracruz.org\/capturacarbono\/wp-content\/uploads\/noticia-03Abr2024-destacada.jpg","contentUrl":"https:\/\/pronaturaveracruz.org\/capturacarbono\/wp-content\/uploads\/noticia-03Abr2024-destacada.jpg","width":589,"height":422},{"@type":"BreadcrumbList","@id":"https:\/\/pronaturaveracruz.org\/capturacarbono\/noticias\/fase-ii\/investigadores-del-jardin-botanico-de-kew-en-pronatura\/#breadcrumb","itemListElement":[{"@type":"ListItem","position":1,"name":"Inicio","item":"https:\/\/pronaturaveracruz.org\/capturacarbono\/"},{"@type":"ListItem","position":2,"name":"Investigadores del Jard\u00edn Bot\u00e1nico de Kew en Pronatura"}]},{"@type":"WebSite","@id":"https:\/\/pronaturaveracruz.org\/capturacarbono\/#website","url":"https:\/\/pronaturaveracruz.org\/capturacarbono\/","name":"Captura de Carbono en Cafetales Bajo Sombra","description":"Buscamos aumentar y fortalecer la capacidad de las y los peque\u00f1os productores para mitigar el Cambio Clim\u00e1tico mediante el desarrollo de una metodolog\u00eda que emplee especies de \u00e1rboles nativos que mejoren el almacenamiento de carbono a largo plazo en plantaciones y ofrezcan servicios ecosist\u00e9micos que puedan apoyar a las comunidades locales.","publisher":{"@id":"https:\/\/pronaturaveracruz.org\/capturacarbono\/#organization"},"potentialAction":[{"@type":"SearchAction","target":{"@type":"EntryPoint","urlTemplate":"https:\/\/pronaturaveracruz.org\/capturacarbono\/?s={search_term_string}"},"query-input":{"@type":"PropertyValueSpecification","valueRequired":true,"valueName":"search_term_string"}}],"inLanguage":"es"},{"@type":"Organization","@id":"https:\/\/pronaturaveracruz.org\/capturacarbono\/#organization","name":"Pronatura Veracruz A.C.","alternateName":"Pronatura","url":"https:\/\/pronaturaveracruz.org\/capturacarbono\/","logo":{"@type":"ImageObject","inLanguage":"es","@id":"https:\/\/pronaturaveracruz.org\/capturacarbono\/#\/schema\/logo\/image\/","url":"https:\/\/pronaturaveracruz.org\/capturacarbono\/wp-content\/uploads\/2022\/11\/logo-prontura.svg","contentUrl":"https:\/\/pronaturaveracruz.org\/capturacarbono\/wp-content\/uploads\/2022\/11\/logo-prontura.svg","width":82,"height":67,"caption":"Pronatura Veracruz A.C."},"image":{"@id":"https:\/\/pronaturaveracruz.org\/capturacarbono\/#\/schema\/logo\/image\/"},"sameAs":["https:\/\/www.facebook.com\/PronaturaVeracruz\/","https:\/\/x.com\/Pronatura_Ver","https:\/\/www.instagram.com\/pronatura_veracruz\/","https:\/\/www.youtube.com\/channel\/UCBK7UCNY2AECjqaglAPYDIA"]},{"@type":"Person","@id":"https:\/\/pronaturaveracruz.org\/capturacarbono\/#\/schema\/person\/1d0a2861dbf8b4362daf59f565d93539","name":"DEV-pronatura","sameAs":["https:\/\/pronaturaveracruz.org\/capturacarbono"]}]}},"_links":{"self":[{"href":"https:\/\/pronaturaveracruz.org\/capturacarbono\/wp-json\/wp\/v2\/posts\/2034","targetHints":{"allow":["GET"]}}],"collection":[{"href":"https:\/\/pronaturaveracruz.org\/capturacarbono\/wp-json\/wp\/v2\/posts"}],"about":[{"href":"https:\/\/pronaturaveracruz.org\/capturacarbono\/wp-json\/wp\/v2\/types\/post"}],"author":[{"embeddable":true,"href":"https:\/\/pronaturaveracruz.org\/capturacarbono\/wp-json\/wp\/v2\/users\/2"}],"replies":[{"embeddable":true,"href":"https:\/\/pronaturaveracruz.org\/capturacarbono\/wp-json\/wp\/v2\/comments?post=2034"}],"version-history":[{"count":2,"href":"https:\/\/pronaturaveracruz.org\/capturacarbono\/wp-json\/wp\/v2\/posts\/2034\/revisions"}],"predecessor-version":[{"id":2066,"href":"https:\/\/pronaturaveracruz.org\/capturacarbono\/wp-json\/wp\/v2\/posts\/2034\/revisions\/2066"}],"wp:featuredmedia":[{"embeddable":true,"href":"https:\/\/pronaturaveracruz.org\/capturacarbono\/wp-json\/wp\/v2\/media\/2036"}],"wp:attachment":[{"href":"https:\/\/pronaturaveracruz.org\/capturacarbono\/wp-json\/wp\/v2\/media?parent=2034"}],"wp:term":[{"taxonomy":"category","embeddable":true,"href":"https:\/\/pronaturaveracruz.org\/capturacarbono\/wp-json\/wp\/v2\/categories?post=2034"},{"taxonomy":"post_tag","embeddable":true,"href":"https:\/\/pronaturaveracruz.org\/capturacarbono\/wp-json\/wp\/v2\/tags?post=2034"}],"curies":[{"name":"wp","href":"https:\/\/api.w.org\/{rel}","templated":true}]}}