{"id":1984,"date":"2024-01-22T22:17:23","date_gmt":"2024-01-23T04:17:23","guid":{"rendered":"https:\/\/pronaturaveracruz.org\/capturacarbono\/?p=1984"},"modified":"2024-01-24T12:11:26","modified_gmt":"2024-01-24T18:11:26","slug":"entrega-y-seguimiento","status":"publish","type":"post","link":"https:\/\/pronaturaveracruz.org\/capturacarbono\/noticias\/fase-ii\/entrega-y-seguimiento\/","title":{"rendered":"Entrega y siembra de \u00e1rboles nativos"},"content":{"rendered":"\n<p>Se han entregado, sembrado y georreferenciado 500 \u00e1rboles nativas de bosque mes\u00f3filo a cinco productores de caf\u00e9 de sombra como parte de la Fase 2 del proyecto UK PACT. Se monitorear\u00e1 su desarrollo y crecimiento con el objetivo de\u00a0 evaluar el incremento en la captura de carbono de las parcelas donde se establecen.<\/p>\n\n\n\n<div style=\"height:100px\" aria-hidden=\"true\" class=\"wp-block-spacer\"><\/div>\n\n\n\n<div class=\"wp-block-group is-nowrap is-layout-flex wp-container-core-group-is-layout-6c531013 wp-block-group-is-layout-flex\">\n<div class=\"wp-block-columns is-layout-flex wp-container-core-columns-is-layout-28f84493 wp-block-columns-is-layout-flex\">\n<div class=\"wp-block-column is-layout-flow wp-block-column-is-layout-flow\"><\/div>\n\n\n\n<div class=\"wp-block-column is-layout-flow wp-block-column-is-layout-flow\">\n<figure data-wp-context=\"{&quot;imageId&quot;:&quot;69f2b059ae453&quot;}\" data-wp-interactive=\"core\/image\" data-wp-key=\"69f2b059ae453\" class=\"wp-block-image size-full wp-lightbox-container\"><img loading=\"lazy\" decoding=\"async\" width=\"589\" height=\"442\" data-wp-class--hide=\"state.isContentHidden\" data-wp-class--show=\"state.isContentVisible\" data-wp-init=\"callbacks.setButtonStyles\" data-wp-on--click=\"actions.showLightbox\" data-wp-on--load=\"callbacks.setButtonStyles\" data-wp-on-window--resize=\"callbacks.setButtonStyles\" src=\"https:\/\/pronaturaveracruz.org\/capturacarbono\/wp-content\/uploads\/imagen.png\" alt=\"\" class=\"wp-image-1985\" srcset=\"https:\/\/pronaturaveracruz.org\/capturacarbono\/wp-content\/uploads\/imagen.png 589w, https:\/\/pronaturaveracruz.org\/capturacarbono\/wp-content\/uploads\/imagen-200x150.png 200w\" sizes=\"auto, (max-width: 589px) 100vw, 589px\" \/><button\n\t\t\tclass=\"lightbox-trigger\"\n\t\t\ttype=\"button\"\n\t\t\taria-haspopup=\"dialog\"\n\t\t\taria-label=\"Agrandar\"\n\t\t\tdata-wp-init=\"callbacks.initTriggerButton\"\n\t\t\tdata-wp-on--click=\"actions.showLightbox\"\n\t\t\tdata-wp-style--right=\"state.imageButtonRight\"\n\t\t\tdata-wp-style--top=\"state.imageButtonTop\"\n\t\t>\n\t\t\t<svg xmlns=\"http:\/\/www.w3.org\/2000\/svg\" width=\"12\" height=\"12\" fill=\"none\" viewBox=\"0 0 12 12\">\n\t\t\t\t<path fill=\"#fff\" d=\"M2 0a2 2 0 0 0-2 2v2h1.5V2a.5.5 0 0 1 .5-.5h2V0H2Zm2 10.5H2a.5.5 0 0 1-.5-.5V8H0v2a2 2 0 0 0 2 2h2v-1.5ZM8 12v-1.5h2a.5.5 0 0 0 .5-.5V8H12v2a2 2 0 0 1-2 2H8Zm2-12a2 2 0 0 1 2 2v2h-1.5V2a.5.5 0 0 0-.5-.5H8V0h2Z\" \/>\n\t\t\t<\/svg>\n\t\t<\/button><\/figure>\n<\/div>\n\n\n\n<div class=\"wp-block-column is-layout-flow wp-block-column-is-layout-flow\">\n<p>Productora de caf\u00e9 de sombra recibe planta del vivero Bosque Mes\u00f3filo de Monta\u00f1a.<\/p>\n<\/div>\n\n\n\n<div class=\"wp-block-column is-layout-flow wp-block-column-is-layout-flow\"><\/div>\n<\/div>\n<\/div>\n\n\n\n<div style=\"height:100px\" aria-hidden=\"true\" class=\"wp-block-spacer\"><\/div>\n\n\n\n<figure class=\"wp-block-image aligncenter size-full\"><img loading=\"lazy\" decoding=\"async\" width=\"1216\" height=\"684\" src=\"https:\/\/pronaturaveracruz.org\/capturacarbono\/wp-content\/uploads\/N4-fII-A.png\" alt=\"\" class=\"wp-image-1986\" srcset=\"https:\/\/pronaturaveracruz.org\/capturacarbono\/wp-content\/uploads\/N4-fII-A.png 1216w, https:\/\/pronaturaveracruz.org\/capturacarbono\/wp-content\/uploads\/N4-fII-A-960x540.png 960w, https:\/\/pronaturaveracruz.org\/capturacarbono\/wp-content\/uploads\/N4-fII-A-768x432.png 768w, https:\/\/pronaturaveracruz.org\/capturacarbono\/wp-content\/uploads\/N4-fII-A-200x113.png 200w\" sizes=\"auto, (max-width: 1216px) 100vw, 1216px\" \/><\/figure>\n\n\n\n<p class=\"has-text-align-center\">Georreferenciaci\u00f3n de los \u00e1rboles recibidos en el vivero sembrados en campo para su monitoreo<\/p>\n","protected":false},"excerpt":{"rendered":"<p>Se han entregado, sembrado y georreferenciado 500 \u00e1rboles nativas de bosque mes\u00f3filo a cinco productores de caf\u00e9 de sombra como parte de la Fase 2 del proyecto UK PACT. Se monitorear\u00e1 su desarrollo y crecimiento con el objetivo de\u00a0 evaluar el incremento en la captura de carbono de las parcelas donde se establecen. Productora de [&hellip;]<\/p>\n","protected":false},"author":3,"featured_media":1985,"comment_status":"open","ping_status":"closed","sticky":false,"template":"","format":"standard","meta":{"inline_featured_image":false,"footnotes":""},"categories":[15],"tags":[],"class_list":["post-1984","post","type-post","status-publish","format-standard","has-post-thumbnail","hentry","category-fase-ii"],"yoast_head":"<!-- This site is optimized with the Yoast SEO plugin v27.5 - https:\/\/yoast.com\/product\/yoast-seo-wordpress\/ -->\n<title>Captura de Carbono en Cafetales Bajo Sombra | Entrega y siembra de \u00e1rboles nativos<\/title>\n<meta name=\"robots\" content=\"index, follow, max-snippet:-1, max-image-preview:large, max-video-preview:-1\" \/>\n<link rel=\"canonical\" href=\"https:\/\/pronaturaveracruz.org\/capturacarbono\/noticias\/fase-ii\/entrega-y-seguimiento\/\" \/>\n<meta property=\"og:locale\" content=\"es_MX\" \/>\n<meta property=\"og:type\" content=\"article\" \/>\n<meta property=\"og:title\" content=\"Captura de Carbono en Cafetales Bajo Sombra | Entrega y siembra de \u00e1rboles nativos\" \/>\n<meta property=\"og:description\" content=\"Se han entregado, sembrado y georreferenciado 500 \u00e1rboles nativas de bosque mes\u00f3filo a cinco productores de caf\u00e9 de sombra como parte de la Fase 2 del proyecto UK PACT. Se monitorear\u00e1 su desarrollo y crecimiento con el objetivo de\u00a0 evaluar el incremento en la captura de carbono de las parcelas donde se establecen. Productora de [&hellip;]\" \/>\n<meta property=\"og:url\" content=\"https:\/\/pronaturaveracruz.org\/capturacarbono\/noticias\/fase-ii\/entrega-y-seguimiento\/\" \/>\n<meta property=\"og:site_name\" content=\"Captura de Carbono en Cafetales Bajo Sombra\" \/>\n<meta property=\"article:publisher\" content=\"https:\/\/www.facebook.com\/PronaturaVeracruz\/\" \/>\n<meta property=\"article:published_time\" content=\"2024-01-23T04:17:23+00:00\" \/>\n<meta property=\"article:modified_time\" content=\"2024-01-24T18:11:26+00:00\" \/>\n<meta property=\"og:image\" content=\"https:\/\/pronaturaveracruz.org\/capturacarbono\/wp-content\/uploads\/imagen.png\" \/>\n\t<meta property=\"og:image:width\" content=\"589\" \/>\n\t<meta property=\"og:image:height\" content=\"442\" \/>\n\t<meta property=\"og:image:type\" content=\"image\/png\" \/>\n<meta name=\"author\" content=\"Pronatura Veracruz A.C.\" \/>\n<meta name=\"twitter:card\" content=\"summary_large_image\" \/>\n<meta name=\"twitter:creator\" content=\"@Pronatura_Ver\" \/>\n<meta name=\"twitter:site\" content=\"@Pronatura_Ver\" \/>\n<meta name=\"twitter:label1\" content=\"Escrito por\" \/>\n\t<meta name=\"twitter:data1\" content=\"Pronatura Veracruz A.C.\" \/>\n\t<meta name=\"twitter:label2\" content=\"Tiempo de lectura\" \/>\n\t<meta name=\"twitter:data2\" content=\"1 minuto\" \/>\n<script type=\"application\/ld+json\" class=\"yoast-schema-graph\">{\"@context\":\"https:\\\/\\\/schema.org\",\"@graph\":[{\"@type\":\"Article\",\"@id\":\"https:\\\/\\\/pronaturaveracruz.org\\\/capturacarbono\\\/noticias\\\/fase-ii\\\/entrega-y-seguimiento\\\/#article\",\"isPartOf\":{\"@id\":\"https:\\\/\\\/pronaturaveracruz.org\\\/capturacarbono\\\/noticias\\\/fase-ii\\\/entrega-y-seguimiento\\\/\"},\"author\":{\"name\":\"Pronatura Veracruz A.C.\",\"@id\":\"https:\\\/\\\/pronaturaveracruz.org\\\/capturacarbono\\\/#\\\/schema\\\/person\\\/9eee22612dead80ffcdaebe173f48c76\"},\"headline\":\"Entrega y siembra de \u00e1rboles nativos\",\"datePublished\":\"2024-01-23T04:17:23+00:00\",\"dateModified\":\"2024-01-24T18:11:26+00:00\",\"mainEntityOfPage\":{\"@id\":\"https:\\\/\\\/pronaturaveracruz.org\\\/capturacarbono\\\/noticias\\\/fase-ii\\\/entrega-y-seguimiento\\\/\"},\"wordCount\":88,\"commentCount\":0,\"publisher\":{\"@id\":\"https:\\\/\\\/pronaturaveracruz.org\\\/capturacarbono\\\/#organization\"},\"image\":{\"@id\":\"https:\\\/\\\/pronaturaveracruz.org\\\/capturacarbono\\\/noticias\\\/fase-ii\\\/entrega-y-seguimiento\\\/#primaryimage\"},\"thumbnailUrl\":\"https:\\\/\\\/pronaturaveracruz.org\\\/capturacarbono\\\/wp-content\\\/uploads\\\/imagen.png\",\"articleSection\":[\"Fase II\"],\"inLanguage\":\"es\",\"potentialAction\":[{\"@type\":\"CommentAction\",\"name\":\"Comment\",\"target\":[\"https:\\\/\\\/pronaturaveracruz.org\\\/capturacarbono\\\/noticias\\\/fase-ii\\\/entrega-y-seguimiento\\\/#respond\"]}]},{\"@type\":\"WebPage\",\"@id\":\"https:\\\/\\\/pronaturaveracruz.org\\\/capturacarbono\\\/noticias\\\/fase-ii\\\/entrega-y-seguimiento\\\/\",\"url\":\"https:\\\/\\\/pronaturaveracruz.org\\\/capturacarbono\\\/noticias\\\/fase-ii\\\/entrega-y-seguimiento\\\/\",\"name\":\"Captura de Carbono en Cafetales Bajo Sombra | Entrega y siembra de \u00e1rboles nativos\",\"isPartOf\":{\"@id\":\"https:\\\/\\\/pronaturaveracruz.org\\\/capturacarbono\\\/#website\"},\"primaryImageOfPage\":{\"@id\":\"https:\\\/\\\/pronaturaveracruz.org\\\/capturacarbono\\\/noticias\\\/fase-ii\\\/entrega-y-seguimiento\\\/#primaryimage\"},\"image\":{\"@id\":\"https:\\\/\\\/pronaturaveracruz.org\\\/capturacarbono\\\/noticias\\\/fase-ii\\\/entrega-y-seguimiento\\\/#primaryimage\"},\"thumbnailUrl\":\"https:\\\/\\\/pronaturaveracruz.org\\\/capturacarbono\\\/wp-content\\\/uploads\\\/imagen.png\",\"datePublished\":\"2024-01-23T04:17:23+00:00\",\"dateModified\":\"2024-01-24T18:11:26+00:00\",\"breadcrumb\":{\"@id\":\"https:\\\/\\\/pronaturaveracruz.org\\\/capturacarbono\\\/noticias\\\/fase-ii\\\/entrega-y-seguimiento\\\/#breadcrumb\"},\"inLanguage\":\"es\",\"potentialAction\":[{\"@type\":\"ReadAction\",\"target\":[\"https:\\\/\\\/pronaturaveracruz.org\\\/capturacarbono\\\/noticias\\\/fase-ii\\\/entrega-y-seguimiento\\\/\"]}]},{\"@type\":\"ImageObject\",\"inLanguage\":\"es\",\"@id\":\"https:\\\/\\\/pronaturaveracruz.org\\\/capturacarbono\\\/noticias\\\/fase-ii\\\/entrega-y-seguimiento\\\/#primaryimage\",\"url\":\"https:\\\/\\\/pronaturaveracruz.org\\\/capturacarbono\\\/wp-content\\\/uploads\\\/imagen.png\",\"contentUrl\":\"https:\\\/\\\/pronaturaveracruz.org\\\/capturacarbono\\\/wp-content\\\/uploads\\\/imagen.png\",\"width\":589,\"height\":442},{\"@type\":\"BreadcrumbList\",\"@id\":\"https:\\\/\\\/pronaturaveracruz.org\\\/capturacarbono\\\/noticias\\\/fase-ii\\\/entrega-y-seguimiento\\\/#breadcrumb\",\"itemListElement\":[{\"@type\":\"ListItem\",\"position\":1,\"name\":\"Inicio\",\"item\":\"https:\\\/\\\/pronaturaveracruz.org\\\/capturacarbono\\\/\"},{\"@type\":\"ListItem\",\"position\":2,\"name\":\"Entrega y siembra de \u00e1rboles nativos\"}]},{\"@type\":\"WebSite\",\"@id\":\"https:\\\/\\\/pronaturaveracruz.org\\\/capturacarbono\\\/#website\",\"url\":\"https:\\\/\\\/pronaturaveracruz.org\\\/capturacarbono\\\/\",\"name\":\"Captura de Carbono en Cafetales Bajo Sombra\",\"description\":\"Buscamos aumentar y fortalecer la capacidad de las y los peque\u00f1os productores para mitigar el Cambio Clim\u00e1tico mediante el desarrollo de una metodolog\u00eda que emplee especies de \u00e1rboles nativos que mejoren el almacenamiento de carbono a largo plazo en plantaciones y ofrezcan servicios ecosist\u00e9micos que puedan apoyar a las comunidades locales.\",\"publisher\":{\"@id\":\"https:\\\/\\\/pronaturaveracruz.org\\\/capturacarbono\\\/#organization\"},\"potentialAction\":[{\"@type\":\"SearchAction\",\"target\":{\"@type\":\"EntryPoint\",\"urlTemplate\":\"https:\\\/\\\/pronaturaveracruz.org\\\/capturacarbono\\\/?s={search_term_string}\"},\"query-input\":{\"@type\":\"PropertyValueSpecification\",\"valueRequired\":true,\"valueName\":\"search_term_string\"}}],\"inLanguage\":\"es\"},{\"@type\":\"Organization\",\"@id\":\"https:\\\/\\\/pronaturaveracruz.org\\\/capturacarbono\\\/#organization\",\"name\":\"Pronatura Veracruz A.C.\",\"alternateName\":\"Pronatura\",\"url\":\"https:\\\/\\\/pronaturaveracruz.org\\\/capturacarbono\\\/\",\"logo\":{\"@type\":\"ImageObject\",\"inLanguage\":\"es\",\"@id\":\"https:\\\/\\\/pronaturaveracruz.org\\\/capturacarbono\\\/#\\\/schema\\\/logo\\\/image\\\/\",\"url\":\"https:\\\/\\\/pronaturaveracruz.org\\\/capturacarbono\\\/wp-content\\\/uploads\\\/2022\\\/11\\\/logo-prontura.svg\",\"contentUrl\":\"https:\\\/\\\/pronaturaveracruz.org\\\/capturacarbono\\\/wp-content\\\/uploads\\\/2022\\\/11\\\/logo-prontura.svg\",\"width\":82,\"height\":67,\"caption\":\"Pronatura Veracruz A.C.\"},\"image\":{\"@id\":\"https:\\\/\\\/pronaturaveracruz.org\\\/capturacarbono\\\/#\\\/schema\\\/logo\\\/image\\\/\"},\"sameAs\":[\"https:\\\/\\\/www.facebook.com\\\/PronaturaVeracruz\\\/\",\"https:\\\/\\\/x.com\\\/Pronatura_Ver\",\"https:\\\/\\\/www.instagram.com\\\/pronatura_veracruz\\\/\",\"https:\\\/\\\/www.youtube.com\\\/channel\\\/UCBK7UCNY2AECjqaglAPYDIA\"]},{\"@type\":\"Person\",\"@id\":\"https:\\\/\\\/pronaturaveracruz.org\\\/capturacarbono\\\/#\\\/schema\\\/person\\\/9eee22612dead80ffcdaebe173f48c76\",\"name\":\"Pronatura Veracruz A.C.\",\"sameAs\":[\"https:\\\/\\\/pronaturaveracruz.org\"]}]}<\/script>\n<!-- \/ Yoast SEO plugin. -->","yoast_head_json":{"title":"Captura de Carbono en Cafetales Bajo Sombra | Entrega y siembra de \u00e1rboles nativos","robots":{"index":"index","follow":"follow","max-snippet":"max-snippet:-1","max-image-preview":"max-image-preview:large","max-video-preview":"max-video-preview:-1"},"canonical":"https:\/\/pronaturaveracruz.org\/capturacarbono\/noticias\/fase-ii\/entrega-y-seguimiento\/","og_locale":"es_MX","og_type":"article","og_title":"Captura de Carbono en Cafetales Bajo Sombra | Entrega y siembra de \u00e1rboles nativos","og_description":"Se han entregado, sembrado y georreferenciado 500 \u00e1rboles nativas de bosque mes\u00f3filo a cinco productores de caf\u00e9 de sombra como parte de la Fase 2 del proyecto UK PACT. Se monitorear\u00e1 su desarrollo y crecimiento con el objetivo de\u00a0 evaluar el incremento en la captura de carbono de las parcelas donde se establecen. Productora de [&hellip;]","og_url":"https:\/\/pronaturaveracruz.org\/capturacarbono\/noticias\/fase-ii\/entrega-y-seguimiento\/","og_site_name":"Captura de Carbono en Cafetales Bajo Sombra","article_publisher":"https:\/\/www.facebook.com\/PronaturaVeracruz\/","article_published_time":"2024-01-23T04:17:23+00:00","article_modified_time":"2024-01-24T18:11:26+00:00","og_image":[{"width":589,"height":442,"url":"https:\/\/pronaturaveracruz.org\/capturacarbono\/wp-content\/uploads\/imagen.png","type":"image\/png"}],"author":"Pronatura Veracruz A.C.","twitter_card":"summary_large_image","twitter_creator":"@Pronatura_Ver","twitter_site":"@Pronatura_Ver","twitter_misc":{"Escrito por":"Pronatura Veracruz A.C.","Tiempo de lectura":"1 minuto"},"schema":{"@context":"https:\/\/schema.org","@graph":[{"@type":"Article","@id":"https:\/\/pronaturaveracruz.org\/capturacarbono\/noticias\/fase-ii\/entrega-y-seguimiento\/#article","isPartOf":{"@id":"https:\/\/pronaturaveracruz.org\/capturacarbono\/noticias\/fase-ii\/entrega-y-seguimiento\/"},"author":{"name":"Pronatura Veracruz A.C.","@id":"https:\/\/pronaturaveracruz.org\/capturacarbono\/#\/schema\/person\/9eee22612dead80ffcdaebe173f48c76"},"headline":"Entrega y siembra de \u00e1rboles nativos","datePublished":"2024-01-23T04:17:23+00:00","dateModified":"2024-01-24T18:11:26+00:00","mainEntityOfPage":{"@id":"https:\/\/pronaturaveracruz.org\/capturacarbono\/noticias\/fase-ii\/entrega-y-seguimiento\/"},"wordCount":88,"commentCount":0,"publisher":{"@id":"https:\/\/pronaturaveracruz.org\/capturacarbono\/#organization"},"image":{"@id":"https:\/\/pronaturaveracruz.org\/capturacarbono\/noticias\/fase-ii\/entrega-y-seguimiento\/#primaryimage"},"thumbnailUrl":"https:\/\/pronaturaveracruz.org\/capturacarbono\/wp-content\/uploads\/imagen.png","articleSection":["Fase II"],"inLanguage":"es","potentialAction":[{"@type":"CommentAction","name":"Comment","target":["https:\/\/pronaturaveracruz.org\/capturacarbono\/noticias\/fase-ii\/entrega-y-seguimiento\/#respond"]}]},{"@type":"WebPage","@id":"https:\/\/pronaturaveracruz.org\/capturacarbono\/noticias\/fase-ii\/entrega-y-seguimiento\/","url":"https:\/\/pronaturaveracruz.org\/capturacarbono\/noticias\/fase-ii\/entrega-y-seguimiento\/","name":"Captura de Carbono en Cafetales Bajo Sombra | Entrega y siembra de \u00e1rboles nativos","isPartOf":{"@id":"https:\/\/pronaturaveracruz.org\/capturacarbono\/#website"},"primaryImageOfPage":{"@id":"https:\/\/pronaturaveracruz.org\/capturacarbono\/noticias\/fase-ii\/entrega-y-seguimiento\/#primaryimage"},"image":{"@id":"https:\/\/pronaturaveracruz.org\/capturacarbono\/noticias\/fase-ii\/entrega-y-seguimiento\/#primaryimage"},"thumbnailUrl":"https:\/\/pronaturaveracruz.org\/capturacarbono\/wp-content\/uploads\/imagen.png","datePublished":"2024-01-23T04:17:23+00:00","dateModified":"2024-01-24T18:11:26+00:00","breadcrumb":{"@id":"https:\/\/pronaturaveracruz.org\/capturacarbono\/noticias\/fase-ii\/entrega-y-seguimiento\/#breadcrumb"},"inLanguage":"es","potentialAction":[{"@type":"ReadAction","target":["https:\/\/pronaturaveracruz.org\/capturacarbono\/noticias\/fase-ii\/entrega-y-seguimiento\/"]}]},{"@type":"ImageObject","inLanguage":"es","@id":"https:\/\/pronaturaveracruz.org\/capturacarbono\/noticias\/fase-ii\/entrega-y-seguimiento\/#primaryimage","url":"https:\/\/pronaturaveracruz.org\/capturacarbono\/wp-content\/uploads\/imagen.png","contentUrl":"https:\/\/pronaturaveracruz.org\/capturacarbono\/wp-content\/uploads\/imagen.png","width":589,"height":442},{"@type":"BreadcrumbList","@id":"https:\/\/pronaturaveracruz.org\/capturacarbono\/noticias\/fase-ii\/entrega-y-seguimiento\/#breadcrumb","itemListElement":[{"@type":"ListItem","position":1,"name":"Inicio","item":"https:\/\/pronaturaveracruz.org\/capturacarbono\/"},{"@type":"ListItem","position":2,"name":"Entrega y siembra de \u00e1rboles nativos"}]},{"@type":"WebSite","@id":"https:\/\/pronaturaveracruz.org\/capturacarbono\/#website","url":"https:\/\/pronaturaveracruz.org\/capturacarbono\/","name":"Captura de Carbono en Cafetales Bajo Sombra","description":"Buscamos aumentar y fortalecer la capacidad de las y los peque\u00f1os productores para mitigar el Cambio Clim\u00e1tico mediante el desarrollo de una metodolog\u00eda que emplee especies de \u00e1rboles nativos que mejoren el almacenamiento de carbono a largo plazo en plantaciones y ofrezcan servicios ecosist\u00e9micos que puedan apoyar a las comunidades locales.","publisher":{"@id":"https:\/\/pronaturaveracruz.org\/capturacarbono\/#organization"},"potentialAction":[{"@type":"SearchAction","target":{"@type":"EntryPoint","urlTemplate":"https:\/\/pronaturaveracruz.org\/capturacarbono\/?s={search_term_string}"},"query-input":{"@type":"PropertyValueSpecification","valueRequired":true,"valueName":"search_term_string"}}],"inLanguage":"es"},{"@type":"Organization","@id":"https:\/\/pronaturaveracruz.org\/capturacarbono\/#organization","name":"Pronatura Veracruz A.C.","alternateName":"Pronatura","url":"https:\/\/pronaturaveracruz.org\/capturacarbono\/","logo":{"@type":"ImageObject","inLanguage":"es","@id":"https:\/\/pronaturaveracruz.org\/capturacarbono\/#\/schema\/logo\/image\/","url":"https:\/\/pronaturaveracruz.org\/capturacarbono\/wp-content\/uploads\/2022\/11\/logo-prontura.svg","contentUrl":"https:\/\/pronaturaveracruz.org\/capturacarbono\/wp-content\/uploads\/2022\/11\/logo-prontura.svg","width":82,"height":67,"caption":"Pronatura Veracruz A.C."},"image":{"@id":"https:\/\/pronaturaveracruz.org\/capturacarbono\/#\/schema\/logo\/image\/"},"sameAs":["https:\/\/www.facebook.com\/PronaturaVeracruz\/","https:\/\/x.com\/Pronatura_Ver","https:\/\/www.instagram.com\/pronatura_veracruz\/","https:\/\/www.youtube.com\/channel\/UCBK7UCNY2AECjqaglAPYDIA"]},{"@type":"Person","@id":"https:\/\/pronaturaveracruz.org\/capturacarbono\/#\/schema\/person\/9eee22612dead80ffcdaebe173f48c76","name":"Pronatura Veracruz A.C.","sameAs":["https:\/\/pronaturaveracruz.org"]}]}},"_links":{"self":[{"href":"https:\/\/pronaturaveracruz.org\/capturacarbono\/wp-json\/wp\/v2\/posts\/1984","targetHints":{"allow":["GET"]}}],"collection":[{"href":"https:\/\/pronaturaveracruz.org\/capturacarbono\/wp-json\/wp\/v2\/posts"}],"about":[{"href":"https:\/\/pronaturaveracruz.org\/capturacarbono\/wp-json\/wp\/v2\/types\/post"}],"author":[{"embeddable":true,"href":"https:\/\/pronaturaveracruz.org\/capturacarbono\/wp-json\/wp\/v2\/users\/3"}],"replies":[{"embeddable":true,"href":"https:\/\/pronaturaveracruz.org\/capturacarbono\/wp-json\/wp\/v2\/comments?post=1984"}],"version-history":[{"count":2,"href":"https:\/\/pronaturaveracruz.org\/capturacarbono\/wp-json\/wp\/v2\/posts\/1984\/revisions"}],"predecessor-version":[{"id":1988,"href":"https:\/\/pronaturaveracruz.org\/capturacarbono\/wp-json\/wp\/v2\/posts\/1984\/revisions\/1988"}],"wp:featuredmedia":[{"embeddable":true,"href":"https:\/\/pronaturaveracruz.org\/capturacarbono\/wp-json\/wp\/v2\/media\/1985"}],"wp:attachment":[{"href":"https:\/\/pronaturaveracruz.org\/capturacarbono\/wp-json\/wp\/v2\/media?parent=1984"}],"wp:term":[{"taxonomy":"category","embeddable":true,"href":"https:\/\/pronaturaveracruz.org\/capturacarbono\/wp-json\/wp\/v2\/categories?post=1984"},{"taxonomy":"post_tag","embeddable":true,"href":"https:\/\/pronaturaveracruz.org\/capturacarbono\/wp-json\/wp\/v2\/tags?post=1984"}],"curies":[{"name":"wp","href":"https:\/\/api.w.org\/{rel}","templated":true}]}}