{"id":1171,"date":"2023-01-16T11:11:00","date_gmt":"2023-01-16T17:11:00","guid":{"rendered":"https:\/\/pronaturaveracruz.org\/capturacarbono\/?p=1171"},"modified":"2024-01-22T22:20:23","modified_gmt":"2024-01-23T04:20:23","slug":"presentan-el-proyecto-ukpact-captura-de-carbono-en-cafetales-bajo-sombra","status":"publish","type":"post","link":"https:\/\/pronaturaveracruz.org\/capturacarbono\/noticias\/fase-i\/presentan-el-proyecto-ukpact-captura-de-carbono-en-cafetales-bajo-sombra\/","title":{"rendered":"Presentan el proyecto UKPACT \u201cCaptura de Carbono en Cafetales Bajo Sombra\u201d"},"content":{"rendered":"<figure class=\"wp-block-post-featured-image\"><img loading=\"lazy\" decoding=\"async\" width=\"1920\" height=\"1280\" src=\"https:\/\/pronaturaveracruz.org\/capturacarbono\/wp-content\/uploads\/IMG_1774.jpg\" class=\"attachment-post-thumbnail size-post-thumbnail wp-post-image\" alt=\"cientificos en estudio de campo en Veracruz, M\u00e9xico\" style=\"object-fit:cover;\" srcset=\"https:\/\/pronaturaveracruz.org\/capturacarbono\/wp-content\/uploads\/IMG_1774.jpg 1920w, https:\/\/pronaturaveracruz.org\/capturacarbono\/wp-content\/uploads\/IMG_1774-1620x1080.jpg 1620w, https:\/\/pronaturaveracruz.org\/capturacarbono\/wp-content\/uploads\/IMG_1774-768x512.jpg 768w, https:\/\/pronaturaveracruz.org\/capturacarbono\/wp-content\/uploads\/IMG_1774-1536x1024.jpg 1536w, https:\/\/pronaturaveracruz.org\/capturacarbono\/wp-content\/uploads\/IMG_1774-200x133.jpg 200w\" sizes=\"auto, (max-width: 1920px) 100vw, 1920px\" \/><\/figure>\n\n<div class=\"wp-block-post-date\"><time datetime=\"2023-01-16T11:11:00-06:00\">16 enero, 2023<\/time><\/div>\n\n\n<p>La Embajada Brit\u00e1nica en M\u00e9xico, a trav\u00e9s del programa UK PACT; el Jard\u00edn Real Bot\u00e1nico de Kew (Royal Botanic Gardens, Kew), la Facultad de Estudios Superiores Iztacala de la UNAM y Pronatura Veracruz presentan el proyecto UKPACT \u201cCaptura de Carbono en Cafetales Bajo Sombra\u201d<br>El proyecto busca fortalecer la capacidad de las y los peque\u00f1os productores de caf\u00e9 para mitigar el cambio clim\u00e1tico a trav\u00e9s de la captura de carbono en las plantaciones utilizando especies nativas que mejoren el almacenamiento y cuenten con otros servicios ecosist\u00e9micos que apoyen a las comunidades locales.<\/p>\n\n\n\n<div class=\"wp-block-buttons has-custom-font-size especies-seleccionadas has-small-font-size is-content-justification-center is-nowrap is-layout-flex wp-container-core-buttons-is-layout-b7900ab4 wp-block-buttons-is-layout-flex\" style=\"margin-top:var(--wp--preset--spacing--30);margin-bottom:0\">\n<div class=\"wp-block-button especies-seleccionadas\"><a class=\"wp-block-button__link wp-element-button\" href=\"https:\/\/fenix.iztacala.unam.mx\/?p=37588\" target=\"_blank\" rel=\"especies-seleccionadas noopener\">Leer noticia completa <i class=\"fas fa-angle-right\"><\/i><\/a><\/div>\n<\/div>\n","protected":false},"excerpt":{"rendered":"<p>La Embajada Brit\u00e1nica en M\u00e9xico, a trav\u00e9s del programa UK PACT; el Jard\u00edn Real Bot\u00e1nico de Kew (Royal Botanic Gardens, Kew), la Facultad de Estudios Superiores Iztacala de la UNAM y Pronatura Veracruz presentan el proyecto UKPACT \u201cCaptura de Carbono en Cafetales Bajo Sombra\u201dEl proyecto busca fortalecer la capacidad de las y los peque\u00f1os productores [&hellip;]<\/p>\n","protected":false},"author":3,"featured_media":1173,"comment_status":"open","ping_status":"closed","sticky":false,"template":"","format":"standard","meta":{"inline_featured_image":false,"footnotes":""},"categories":[14],"tags":[],"class_list":["post-1171","post","type-post","status-publish","format-standard","has-post-thumbnail","hentry","category-fase-i"],"yoast_head":"<!-- This site is optimized with the Yoast SEO plugin v27.5 - https:\/\/yoast.com\/product\/yoast-seo-wordpress\/ -->\n<title>Captura de Carbono en Cafetales Bajo Sombra | Presentan el proyecto UKPACT \u201cCaptura de Carbono en Cafetales Bajo Sombra\u201d<\/title>\n<meta name=\"robots\" content=\"index, follow, max-snippet:-1, max-image-preview:large, max-video-preview:-1\" \/>\n<link rel=\"canonical\" href=\"https:\/\/pronaturaveracruz.org\/capturacarbono\/noticias\/fase-i\/presentan-el-proyecto-ukpact-captura-de-carbono-en-cafetales-bajo-sombra\/\" \/>\n<meta property=\"og:locale\" content=\"es_MX\" \/>\n<meta property=\"og:type\" content=\"article\" \/>\n<meta property=\"og:title\" content=\"Captura de Carbono en Cafetales Bajo Sombra | Presentan el proyecto UKPACT \u201cCaptura de Carbono en Cafetales Bajo Sombra\u201d\" \/>\n<meta property=\"og:description\" content=\"La Embajada Brit\u00e1nica en M\u00e9xico, a trav\u00e9s del programa UK PACT; el Jard\u00edn Real Bot\u00e1nico de Kew (Royal Botanic Gardens, Kew), la Facultad de Estudios Superiores Iztacala de la UNAM y Pronatura Veracruz presentan el proyecto UKPACT \u201cCaptura de Carbono en Cafetales Bajo Sombra\u201dEl proyecto busca fortalecer la capacidad de las y los peque\u00f1os productores [&hellip;]\" \/>\n<meta property=\"og:url\" content=\"https:\/\/pronaturaveracruz.org\/capturacarbono\/noticias\/fase-i\/presentan-el-proyecto-ukpact-captura-de-carbono-en-cafetales-bajo-sombra\/\" \/>\n<meta property=\"og:site_name\" content=\"Captura de Carbono en Cafetales Bajo Sombra\" \/>\n<meta property=\"article:publisher\" content=\"https:\/\/www.facebook.com\/PronaturaVeracruz\/\" \/>\n<meta property=\"article:published_time\" content=\"2023-01-16T17:11:00+00:00\" \/>\n<meta property=\"article:modified_time\" content=\"2024-01-23T04:20:23+00:00\" \/>\n<meta property=\"og:image\" content=\"https:\/\/pronaturaveracruz.org\/capturacarbono\/wp-content\/uploads\/IMG_1774.jpg\" \/>\n\t<meta property=\"og:image:width\" content=\"1920\" \/>\n\t<meta property=\"og:image:height\" content=\"1280\" \/>\n\t<meta property=\"og:image:type\" content=\"image\/jpeg\" \/>\n<meta name=\"author\" content=\"Pronatura Veracruz A.C.\" \/>\n<meta name=\"twitter:card\" content=\"summary_large_image\" \/>\n<meta name=\"twitter:creator\" content=\"@Pronatura_Ver\" \/>\n<meta name=\"twitter:site\" content=\"@Pronatura_Ver\" \/>\n<meta name=\"twitter:label1\" content=\"Escrito por\" \/>\n\t<meta name=\"twitter:data1\" content=\"Pronatura Veracruz A.C.\" \/>\n\t<meta name=\"twitter:label2\" content=\"Tiempo de lectura\" \/>\n\t<meta name=\"twitter:data2\" content=\"1 minuto\" \/>\n<script type=\"application\/ld+json\" class=\"yoast-schema-graph\">{\"@context\":\"https:\\\/\\\/schema.org\",\"@graph\":[{\"@type\":\"Article\",\"@id\":\"https:\\\/\\\/pronaturaveracruz.org\\\/capturacarbono\\\/noticias\\\/fase-i\\\/presentan-el-proyecto-ukpact-captura-de-carbono-en-cafetales-bajo-sombra\\\/#article\",\"isPartOf\":{\"@id\":\"https:\\\/\\\/pronaturaveracruz.org\\\/capturacarbono\\\/noticias\\\/fase-i\\\/presentan-el-proyecto-ukpact-captura-de-carbono-en-cafetales-bajo-sombra\\\/\"},\"author\":{\"name\":\"Pronatura Veracruz A.C.\",\"@id\":\"https:\\\/\\\/pronaturaveracruz.org\\\/capturacarbono\\\/#\\\/schema\\\/person\\\/9eee22612dead80ffcdaebe173f48c76\"},\"headline\":\"Presentan el proyecto UKPACT \u201cCaptura de Carbono en Cafetales Bajo Sombra\u201d\",\"datePublished\":\"2023-01-16T17:11:00+00:00\",\"dateModified\":\"2024-01-23T04:20:23+00:00\",\"mainEntityOfPage\":{\"@id\":\"https:\\\/\\\/pronaturaveracruz.org\\\/capturacarbono\\\/noticias\\\/fase-i\\\/presentan-el-proyecto-ukpact-captura-de-carbono-en-cafetales-bajo-sombra\\\/\"},\"wordCount\":120,\"commentCount\":0,\"publisher\":{\"@id\":\"https:\\\/\\\/pronaturaveracruz.org\\\/capturacarbono\\\/#organization\"},\"image\":{\"@id\":\"https:\\\/\\\/pronaturaveracruz.org\\\/capturacarbono\\\/noticias\\\/fase-i\\\/presentan-el-proyecto-ukpact-captura-de-carbono-en-cafetales-bajo-sombra\\\/#primaryimage\"},\"thumbnailUrl\":\"https:\\\/\\\/pronaturaveracruz.org\\\/capturacarbono\\\/wp-content\\\/uploads\\\/IMG_1774.jpg\",\"articleSection\":[\"Fase I\"],\"inLanguage\":\"es\",\"potentialAction\":[{\"@type\":\"CommentAction\",\"name\":\"Comment\",\"target\":[\"https:\\\/\\\/pronaturaveracruz.org\\\/capturacarbono\\\/noticias\\\/fase-i\\\/presentan-el-proyecto-ukpact-captura-de-carbono-en-cafetales-bajo-sombra\\\/#respond\"]}]},{\"@type\":\"WebPage\",\"@id\":\"https:\\\/\\\/pronaturaveracruz.org\\\/capturacarbono\\\/noticias\\\/fase-i\\\/presentan-el-proyecto-ukpact-captura-de-carbono-en-cafetales-bajo-sombra\\\/\",\"url\":\"https:\\\/\\\/pronaturaveracruz.org\\\/capturacarbono\\\/noticias\\\/fase-i\\\/presentan-el-proyecto-ukpact-captura-de-carbono-en-cafetales-bajo-sombra\\\/\",\"name\":\"Captura de Carbono en Cafetales Bajo Sombra | Presentan el proyecto UKPACT \u201cCaptura de Carbono en Cafetales Bajo Sombra\u201d\",\"isPartOf\":{\"@id\":\"https:\\\/\\\/pronaturaveracruz.org\\\/capturacarbono\\\/#website\"},\"primaryImageOfPage\":{\"@id\":\"https:\\\/\\\/pronaturaveracruz.org\\\/capturacarbono\\\/noticias\\\/fase-i\\\/presentan-el-proyecto-ukpact-captura-de-carbono-en-cafetales-bajo-sombra\\\/#primaryimage\"},\"image\":{\"@id\":\"https:\\\/\\\/pronaturaveracruz.org\\\/capturacarbono\\\/noticias\\\/fase-i\\\/presentan-el-proyecto-ukpact-captura-de-carbono-en-cafetales-bajo-sombra\\\/#primaryimage\"},\"thumbnailUrl\":\"https:\\\/\\\/pronaturaveracruz.org\\\/capturacarbono\\\/wp-content\\\/uploads\\\/IMG_1774.jpg\",\"datePublished\":\"2023-01-16T17:11:00+00:00\",\"dateModified\":\"2024-01-23T04:20:23+00:00\",\"breadcrumb\":{\"@id\":\"https:\\\/\\\/pronaturaveracruz.org\\\/capturacarbono\\\/noticias\\\/fase-i\\\/presentan-el-proyecto-ukpact-captura-de-carbono-en-cafetales-bajo-sombra\\\/#breadcrumb\"},\"inLanguage\":\"es\",\"potentialAction\":[{\"@type\":\"ReadAction\",\"target\":[\"https:\\\/\\\/pronaturaveracruz.org\\\/capturacarbono\\\/noticias\\\/fase-i\\\/presentan-el-proyecto-ukpact-captura-de-carbono-en-cafetales-bajo-sombra\\\/\"]}]},{\"@type\":\"ImageObject\",\"inLanguage\":\"es\",\"@id\":\"https:\\\/\\\/pronaturaveracruz.org\\\/capturacarbono\\\/noticias\\\/fase-i\\\/presentan-el-proyecto-ukpact-captura-de-carbono-en-cafetales-bajo-sombra\\\/#primaryimage\",\"url\":\"https:\\\/\\\/pronaturaveracruz.org\\\/capturacarbono\\\/wp-content\\\/uploads\\\/IMG_1774.jpg\",\"contentUrl\":\"https:\\\/\\\/pronaturaveracruz.org\\\/capturacarbono\\\/wp-content\\\/uploads\\\/IMG_1774.jpg\",\"width\":1920,\"height\":1280,\"caption\":\"cientificos en estudio de campo en Veracruz, M\u00e9xico\"},{\"@type\":\"BreadcrumbList\",\"@id\":\"https:\\\/\\\/pronaturaveracruz.org\\\/capturacarbono\\\/noticias\\\/fase-i\\\/presentan-el-proyecto-ukpact-captura-de-carbono-en-cafetales-bajo-sombra\\\/#breadcrumb\",\"itemListElement\":[{\"@type\":\"ListItem\",\"position\":1,\"name\":\"Inicio\",\"item\":\"https:\\\/\\\/pronaturaveracruz.org\\\/capturacarbono\\\/\"},{\"@type\":\"ListItem\",\"position\":2,\"name\":\"Presentan el proyecto UKPACT \u201cCaptura de Carbono en Cafetales Bajo Sombra\u201d\"}]},{\"@type\":\"WebSite\",\"@id\":\"https:\\\/\\\/pronaturaveracruz.org\\\/capturacarbono\\\/#website\",\"url\":\"https:\\\/\\\/pronaturaveracruz.org\\\/capturacarbono\\\/\",\"name\":\"Captura de Carbono en Cafetales Bajo Sombra\",\"description\":\"Buscamos aumentar y fortalecer la capacidad de las y los peque\u00f1os productores para mitigar el Cambio Clim\u00e1tico mediante el desarrollo de una metodolog\u00eda que emplee especies de \u00e1rboles nativos que mejoren el almacenamiento de carbono a largo plazo en plantaciones y ofrezcan servicios ecosist\u00e9micos que puedan apoyar a las comunidades locales.\",\"publisher\":{\"@id\":\"https:\\\/\\\/pronaturaveracruz.org\\\/capturacarbono\\\/#organization\"},\"potentialAction\":[{\"@type\":\"SearchAction\",\"target\":{\"@type\":\"EntryPoint\",\"urlTemplate\":\"https:\\\/\\\/pronaturaveracruz.org\\\/capturacarbono\\\/?s={search_term_string}\"},\"query-input\":{\"@type\":\"PropertyValueSpecification\",\"valueRequired\":true,\"valueName\":\"search_term_string\"}}],\"inLanguage\":\"es\"},{\"@type\":\"Organization\",\"@id\":\"https:\\\/\\\/pronaturaveracruz.org\\\/capturacarbono\\\/#organization\",\"name\":\"Pronatura Veracruz A.C.\",\"alternateName\":\"Pronatura\",\"url\":\"https:\\\/\\\/pronaturaveracruz.org\\\/capturacarbono\\\/\",\"logo\":{\"@type\":\"ImageObject\",\"inLanguage\":\"es\",\"@id\":\"https:\\\/\\\/pronaturaveracruz.org\\\/capturacarbono\\\/#\\\/schema\\\/logo\\\/image\\\/\",\"url\":\"https:\\\/\\\/pronaturaveracruz.org\\\/capturacarbono\\\/wp-content\\\/uploads\\\/2022\\\/11\\\/logo-prontura.svg\",\"contentUrl\":\"https:\\\/\\\/pronaturaveracruz.org\\\/capturacarbono\\\/wp-content\\\/uploads\\\/2022\\\/11\\\/logo-prontura.svg\",\"width\":82,\"height\":67,\"caption\":\"Pronatura Veracruz A.C.\"},\"image\":{\"@id\":\"https:\\\/\\\/pronaturaveracruz.org\\\/capturacarbono\\\/#\\\/schema\\\/logo\\\/image\\\/\"},\"sameAs\":[\"https:\\\/\\\/www.facebook.com\\\/PronaturaVeracruz\\\/\",\"https:\\\/\\\/x.com\\\/Pronatura_Ver\",\"https:\\\/\\\/www.instagram.com\\\/pronatura_veracruz\\\/\",\"https:\\\/\\\/www.youtube.com\\\/channel\\\/UCBK7UCNY2AECjqaglAPYDIA\"]},{\"@type\":\"Person\",\"@id\":\"https:\\\/\\\/pronaturaveracruz.org\\\/capturacarbono\\\/#\\\/schema\\\/person\\\/9eee22612dead80ffcdaebe173f48c76\",\"name\":\"Pronatura Veracruz A.C.\",\"sameAs\":[\"https:\\\/\\\/pronaturaveracruz.org\"]}]}<\/script>\n<!-- \/ Yoast SEO plugin. -->","yoast_head_json":{"title":"Captura de Carbono en Cafetales Bajo Sombra | Presentan el proyecto UKPACT \u201cCaptura de Carbono en Cafetales Bajo Sombra\u201d","robots":{"index":"index","follow":"follow","max-snippet":"max-snippet:-1","max-image-preview":"max-image-preview:large","max-video-preview":"max-video-preview:-1"},"canonical":"https:\/\/pronaturaveracruz.org\/capturacarbono\/noticias\/fase-i\/presentan-el-proyecto-ukpact-captura-de-carbono-en-cafetales-bajo-sombra\/","og_locale":"es_MX","og_type":"article","og_title":"Captura de Carbono en Cafetales Bajo Sombra | Presentan el proyecto UKPACT \u201cCaptura de Carbono en Cafetales Bajo Sombra\u201d","og_description":"La Embajada Brit\u00e1nica en M\u00e9xico, a trav\u00e9s del programa UK PACT; el Jard\u00edn Real Bot\u00e1nico de Kew (Royal Botanic Gardens, Kew), la Facultad de Estudios Superiores Iztacala de la UNAM y Pronatura Veracruz presentan el proyecto UKPACT \u201cCaptura de Carbono en Cafetales Bajo Sombra\u201dEl proyecto busca fortalecer la capacidad de las y los peque\u00f1os productores [&hellip;]","og_url":"https:\/\/pronaturaveracruz.org\/capturacarbono\/noticias\/fase-i\/presentan-el-proyecto-ukpact-captura-de-carbono-en-cafetales-bajo-sombra\/","og_site_name":"Captura de Carbono en Cafetales Bajo Sombra","article_publisher":"https:\/\/www.facebook.com\/PronaturaVeracruz\/","article_published_time":"2023-01-16T17:11:00+00:00","article_modified_time":"2024-01-23T04:20:23+00:00","og_image":[{"width":1920,"height":1280,"url":"https:\/\/pronaturaveracruz.org\/capturacarbono\/wp-content\/uploads\/IMG_1774.jpg","type":"image\/jpeg"}],"author":"Pronatura Veracruz A.C.","twitter_card":"summary_large_image","twitter_creator":"@Pronatura_Ver","twitter_site":"@Pronatura_Ver","twitter_misc":{"Escrito por":"Pronatura Veracruz A.C.","Tiempo de lectura":"1 minuto"},"schema":{"@context":"https:\/\/schema.org","@graph":[{"@type":"Article","@id":"https:\/\/pronaturaveracruz.org\/capturacarbono\/noticias\/fase-i\/presentan-el-proyecto-ukpact-captura-de-carbono-en-cafetales-bajo-sombra\/#article","isPartOf":{"@id":"https:\/\/pronaturaveracruz.org\/capturacarbono\/noticias\/fase-i\/presentan-el-proyecto-ukpact-captura-de-carbono-en-cafetales-bajo-sombra\/"},"author":{"name":"Pronatura Veracruz A.C.","@id":"https:\/\/pronaturaveracruz.org\/capturacarbono\/#\/schema\/person\/9eee22612dead80ffcdaebe173f48c76"},"headline":"Presentan el proyecto UKPACT \u201cCaptura de Carbono en Cafetales Bajo Sombra\u201d","datePublished":"2023-01-16T17:11:00+00:00","dateModified":"2024-01-23T04:20:23+00:00","mainEntityOfPage":{"@id":"https:\/\/pronaturaveracruz.org\/capturacarbono\/noticias\/fase-i\/presentan-el-proyecto-ukpact-captura-de-carbono-en-cafetales-bajo-sombra\/"},"wordCount":120,"commentCount":0,"publisher":{"@id":"https:\/\/pronaturaveracruz.org\/capturacarbono\/#organization"},"image":{"@id":"https:\/\/pronaturaveracruz.org\/capturacarbono\/noticias\/fase-i\/presentan-el-proyecto-ukpact-captura-de-carbono-en-cafetales-bajo-sombra\/#primaryimage"},"thumbnailUrl":"https:\/\/pronaturaveracruz.org\/capturacarbono\/wp-content\/uploads\/IMG_1774.jpg","articleSection":["Fase I"],"inLanguage":"es","potentialAction":[{"@type":"CommentAction","name":"Comment","target":["https:\/\/pronaturaveracruz.org\/capturacarbono\/noticias\/fase-i\/presentan-el-proyecto-ukpact-captura-de-carbono-en-cafetales-bajo-sombra\/#respond"]}]},{"@type":"WebPage","@id":"https:\/\/pronaturaveracruz.org\/capturacarbono\/noticias\/fase-i\/presentan-el-proyecto-ukpact-captura-de-carbono-en-cafetales-bajo-sombra\/","url":"https:\/\/pronaturaveracruz.org\/capturacarbono\/noticias\/fase-i\/presentan-el-proyecto-ukpact-captura-de-carbono-en-cafetales-bajo-sombra\/","name":"Captura de Carbono en Cafetales Bajo Sombra | Presentan el proyecto UKPACT \u201cCaptura de Carbono en Cafetales Bajo Sombra\u201d","isPartOf":{"@id":"https:\/\/pronaturaveracruz.org\/capturacarbono\/#website"},"primaryImageOfPage":{"@id":"https:\/\/pronaturaveracruz.org\/capturacarbono\/noticias\/fase-i\/presentan-el-proyecto-ukpact-captura-de-carbono-en-cafetales-bajo-sombra\/#primaryimage"},"image":{"@id":"https:\/\/pronaturaveracruz.org\/capturacarbono\/noticias\/fase-i\/presentan-el-proyecto-ukpact-captura-de-carbono-en-cafetales-bajo-sombra\/#primaryimage"},"thumbnailUrl":"https:\/\/pronaturaveracruz.org\/capturacarbono\/wp-content\/uploads\/IMG_1774.jpg","datePublished":"2023-01-16T17:11:00+00:00","dateModified":"2024-01-23T04:20:23+00:00","breadcrumb":{"@id":"https:\/\/pronaturaveracruz.org\/capturacarbono\/noticias\/fase-i\/presentan-el-proyecto-ukpact-captura-de-carbono-en-cafetales-bajo-sombra\/#breadcrumb"},"inLanguage":"es","potentialAction":[{"@type":"ReadAction","target":["https:\/\/pronaturaveracruz.org\/capturacarbono\/noticias\/fase-i\/presentan-el-proyecto-ukpact-captura-de-carbono-en-cafetales-bajo-sombra\/"]}]},{"@type":"ImageObject","inLanguage":"es","@id":"https:\/\/pronaturaveracruz.org\/capturacarbono\/noticias\/fase-i\/presentan-el-proyecto-ukpact-captura-de-carbono-en-cafetales-bajo-sombra\/#primaryimage","url":"https:\/\/pronaturaveracruz.org\/capturacarbono\/wp-content\/uploads\/IMG_1774.jpg","contentUrl":"https:\/\/pronaturaveracruz.org\/capturacarbono\/wp-content\/uploads\/IMG_1774.jpg","width":1920,"height":1280,"caption":"cientificos en estudio de campo en Veracruz, M\u00e9xico"},{"@type":"BreadcrumbList","@id":"https:\/\/pronaturaveracruz.org\/capturacarbono\/noticias\/fase-i\/presentan-el-proyecto-ukpact-captura-de-carbono-en-cafetales-bajo-sombra\/#breadcrumb","itemListElement":[{"@type":"ListItem","position":1,"name":"Inicio","item":"https:\/\/pronaturaveracruz.org\/capturacarbono\/"},{"@type":"ListItem","position":2,"name":"Presentan el proyecto UKPACT \u201cCaptura de Carbono en Cafetales Bajo Sombra\u201d"}]},{"@type":"WebSite","@id":"https:\/\/pronaturaveracruz.org\/capturacarbono\/#website","url":"https:\/\/pronaturaveracruz.org\/capturacarbono\/","name":"Captura de Carbono en Cafetales Bajo Sombra","description":"Buscamos aumentar y fortalecer la capacidad de las y los peque\u00f1os productores para mitigar el Cambio Clim\u00e1tico mediante el desarrollo de una metodolog\u00eda que emplee especies de \u00e1rboles nativos que mejoren el almacenamiento de carbono a largo plazo en plantaciones y ofrezcan servicios ecosist\u00e9micos que puedan apoyar a las comunidades locales.","publisher":{"@id":"https:\/\/pronaturaveracruz.org\/capturacarbono\/#organization"},"potentialAction":[{"@type":"SearchAction","target":{"@type":"EntryPoint","urlTemplate":"https:\/\/pronaturaveracruz.org\/capturacarbono\/?s={search_term_string}"},"query-input":{"@type":"PropertyValueSpecification","valueRequired":true,"valueName":"search_term_string"}}],"inLanguage":"es"},{"@type":"Organization","@id":"https:\/\/pronaturaveracruz.org\/capturacarbono\/#organization","name":"Pronatura Veracruz A.C.","alternateName":"Pronatura","url":"https:\/\/pronaturaveracruz.org\/capturacarbono\/","logo":{"@type":"ImageObject","inLanguage":"es","@id":"https:\/\/pronaturaveracruz.org\/capturacarbono\/#\/schema\/logo\/image\/","url":"https:\/\/pronaturaveracruz.org\/capturacarbono\/wp-content\/uploads\/2022\/11\/logo-prontura.svg","contentUrl":"https:\/\/pronaturaveracruz.org\/capturacarbono\/wp-content\/uploads\/2022\/11\/logo-prontura.svg","width":82,"height":67,"caption":"Pronatura Veracruz A.C."},"image":{"@id":"https:\/\/pronaturaveracruz.org\/capturacarbono\/#\/schema\/logo\/image\/"},"sameAs":["https:\/\/www.facebook.com\/PronaturaVeracruz\/","https:\/\/x.com\/Pronatura_Ver","https:\/\/www.instagram.com\/pronatura_veracruz\/","https:\/\/www.youtube.com\/channel\/UCBK7UCNY2AECjqaglAPYDIA"]},{"@type":"Person","@id":"https:\/\/pronaturaveracruz.org\/capturacarbono\/#\/schema\/person\/9eee22612dead80ffcdaebe173f48c76","name":"Pronatura Veracruz A.C.","sameAs":["https:\/\/pronaturaveracruz.org"]}]}},"_links":{"self":[{"href":"https:\/\/pronaturaveracruz.org\/capturacarbono\/wp-json\/wp\/v2\/posts\/1171","targetHints":{"allow":["GET"]}}],"collection":[{"href":"https:\/\/pronaturaveracruz.org\/capturacarbono\/wp-json\/wp\/v2\/posts"}],"about":[{"href":"https:\/\/pronaturaveracruz.org\/capturacarbono\/wp-json\/wp\/v2\/types\/post"}],"author":[{"embeddable":true,"href":"https:\/\/pronaturaveracruz.org\/capturacarbono\/wp-json\/wp\/v2\/users\/3"}],"replies":[{"embeddable":true,"href":"https:\/\/pronaturaveracruz.org\/capturacarbono\/wp-json\/wp\/v2\/comments?post=1171"}],"version-history":[{"count":1,"href":"https:\/\/pronaturaveracruz.org\/capturacarbono\/wp-json\/wp\/v2\/posts\/1171\/revisions"}],"predecessor-version":[{"id":1316,"href":"https:\/\/pronaturaveracruz.org\/capturacarbono\/wp-json\/wp\/v2\/posts\/1171\/revisions\/1316"}],"wp:featuredmedia":[{"embeddable":true,"href":"https:\/\/pronaturaveracruz.org\/capturacarbono\/wp-json\/wp\/v2\/media\/1173"}],"wp:attachment":[{"href":"https:\/\/pronaturaveracruz.org\/capturacarbono\/wp-json\/wp\/v2\/media?parent=1171"}],"wp:term":[{"taxonomy":"category","embeddable":true,"href":"https:\/\/pronaturaveracruz.org\/capturacarbono\/wp-json\/wp\/v2\/categories?post=1171"},{"taxonomy":"post_tag","embeddable":true,"href":"https:\/\/pronaturaveracruz.org\/capturacarbono\/wp-json\/wp\/v2\/tags?post=1171"}],"curies":[{"name":"wp","href":"https:\/\/api.w.org\/{rel}","templated":true}]}}